{"id":5822,"date":"2022-04-21T18:19:25","date_gmt":"2022-04-21T18:19:25","guid":{"rendered":"http:\/\/lahora.mx\/?p=5822"},"modified":"2022-04-21T18:19:26","modified_gmt":"2022-04-21T18:19:26","slug":"otro-atentado-en-afganistan-deja-10-muertos-y-20-heridos","status":"publish","type":"post","link":"https:\/\/lahora.mx\/index.php\/2022\/04\/21\/otro-atentado-en-afganistan-deja-10-muertos-y-20-heridos\/","title":{"rendered":"Otro atentado en Afganist\u00e1n; deja 10 muertos y 20 heridos"},"content":{"rendered":"\n<p>Una explosi\u00f3n en la mezquita chiita de Afganist\u00e1n provoc\u00f3 la muerte de 10 personas, adem\u00e1s de que 20 m\u00e1s resultaron heridas. De acuerdo con las autoridades la implosi\u00f3n es derivada de un atentado en medio de los ataques que sufre la naci\u00f3n durante el mes sagrado de Ramad\u00e1n.<br><\/p>\n\n\n\n<p>De acuerdo con los reportes la explos\u00f3n tuvo lugar durante el rezo del mediod\u00eda en una mezquita chi\u00ed en la ciudad de Mazar-e-Shari.<\/p>\n\n\n\n<p>Ghousuddin Anwari, director del hospital regional Abu Ali Sina, se\u00f1al\u00f3 que el n\u00famero de personas heridas por el ataque podr\u00eda incrementar a 65 en las pr\u00f3ximas horas.<br><\/p>\n\n\n\n<p>Este es el segundo d\u00eda en que se presentan atentados importantes contra la minor\u00eda chi\u00ed de Afganist\u00e1n , ello luego de que el pasado martes se presentar\u00e1n diferentes explosiones en centro educativos de Dashte Barchi, al oeste de Kabul, los cuales provocaron la muerte de seis personas, adem\u00e1s de que 25 m\u00e1s terminaron heridas de acuerdo a cifras oficiales.<\/p>\n\n\n\n<p>A pesar de los atentados, ning\u00fan grupo los ha denunciado, sin embargo se se\u00f1ala al Estado Isl\u00e1mico como responsable pues tiene entre sus principales objetivos a la comunidad chi\u00edes, pues considera a \u00e9stos ap\u00f3statas.<\/p>\n\n\n\n<p>Durante el pasado mes de octubre la minor\u00eda chi\u00ed sufri\u00f3 dos atentados en mezquitas dentro de la provincia de Kunduz.<\/p>\n\n\n\n<p>Dicho ataque report\u00f3 al menos 80 muertes y m\u00e1s de un centenar de personas heridas, lo que representa uno de los peores atentados en la capital afgana durante el mes de abril.<\/p>\n","protected":false},"excerpt":{"rendered":"<p>Una explosi\u00f3n en la mezquita chiita de Afganist\u00e1n provoc\u00f3 la muerte de 10 personas, adem\u00e1s de que 20 m\u00e1s resultaron heridas. De acuerdo con las autoridades la implosi\u00f3n es derivada de un atentado en medio de los ataques que sufre la naci\u00f3n durante el mes sagrado de Ramad\u00e1n. De acuerdo con los reportes la explos\u00f3n [&hellip;]<\/p>\n","protected":false},"author":4,"featured_media":5823,"comment_status":"open","ping_status":"open","sticky":false,"template":"","format":"standard","meta":{"om_disable_all_campaigns":false,"_monsterinsights_skip_tracking":false,"_monsterinsights_sitenote_active":false,"_monsterinsights_sitenote_note":"","_monsterinsights_sitenote_category":0,"footnotes":""},"categories":[183],"tags":[195],"class_list":["post-5822","post","type-post","status-publish","format-standard","has-post-thumbnail","hentry","category-internacional","tag-principal"],"amp_enabled":true,"_links":{"self":[{"href":"https:\/\/lahora.mx\/index.php\/wp-json\/wp\/v2\/posts\/5822","targetHints":{"allow":["GET"]}}],"collection":[{"href":"https:\/\/lahora.mx\/index.php\/wp-json\/wp\/v2\/posts"}],"about":[{"href":"https:\/\/lahora.mx\/index.php\/wp-json\/wp\/v2\/types\/post"}],"author":[{"embeddable":true,"href":"https:\/\/lahora.mx\/index.php\/wp-json\/wp\/v2\/users\/4"}],"replies":[{"embeddable":true,"href":"https:\/\/lahora.mx\/index.php\/wp-json\/wp\/v2\/comments?post=5822"}],"version-history":[{"count":1,"href":"https:\/\/lahora.mx\/index.php\/wp-json\/wp\/v2\/posts\/5822\/revisions"}],"predecessor-version":[{"id":5824,"href":"https:\/\/lahora.mx\/index.php\/wp-json\/wp\/v2\/posts\/5822\/revisions\/5824"}],"wp:featuredmedia":[{"embeddable":true,"href":"https:\/\/lahora.mx\/index.php\/wp-json\/wp\/v2\/media\/5823"}],"wp:attachment":[{"href":"https:\/\/lahora.mx\/index.php\/wp-json\/wp\/v2\/media?parent=5822"}],"wp:term":[{"taxonomy":"category","embeddable":true,"href":"https:\/\/lahora.mx\/index.php\/wp-json\/wp\/v2\/categories?post=5822"},{"taxonomy":"post_tag","embeddable":true,"href":"https:\/\/lahora.mx\/index.php\/wp-json\/wp\/v2\/tags?post=5822"}],"curies":[{"name":"wp","href":"https:\/\/api.w.org\/{rel}","templated":true}]}}