{"id":58187,"date":"2025-01-31T23:18:23","date_gmt":"2025-01-31T23:18:23","guid":{"rendered":"https:\/\/lahora.mx\/?p=58187"},"modified":"2025-01-31T23:18:24","modified_gmt":"2025-01-31T23:18:24","slug":"ampliacion-de-parquimetros-en-puebla-no-se-consulto-con-camaras-menciona-el-presidente-de-canaco","status":"publish","type":"post","link":"https:\/\/lahora.mx\/index.php\/2025\/01\/31\/ampliacion-de-parquimetros-en-puebla-no-se-consulto-con-camaras-menciona-el-presidente-de-canaco\/","title":{"rendered":"Ampliaci\u00f3n de Parqu\u00edmetros en Puebla no se consult\u00f3 con c\u00e1maras menciona el presidente de Canaco"},"content":{"rendered":"\n<p class=\"wp-block-paragraph\">La\u00a0<strong>ampliaci\u00f3n de los parqu\u00edmetros<\/strong>\u00a0a otras zonas de\u00a0<strong>Puebla<\/strong>\u00a0adem\u00e1s de su\u00a0<strong>Centro Hist\u00f3rico<\/strong>\u00a0no se consult\u00f3 con las distintas c\u00e1maras empresariales, reproch\u00f3 el presidente de la\u00a0Canaco Puebla, Juan Pablo Cisneros.<\/p>\n\n\n\n<p class=\"wp-block-paragraph\">As\u00ed lo declar\u00f3 hoy al se\u00f1alar que el proyecto solo se anunci\u00f3 en Cabildo del Ayuntamiento y&nbsp;<strong>jam\u00e1s se les consult\u00f3<\/strong>, por lo que asegur\u00f3 que la ampliaci\u00f3n&nbsp;<strong>no cuenta con el an\u00e1lisis<\/strong>&nbsp;ni propuestas de los distintos sectores.<\/p>\n\n\n\n<p class=\"wp-block-paragraph\">\u00abA veces nos sentamos a dialogar cuando estas (propuestas) ya fueron aprobadas en Cabildo, un ejemplo de ello es el parqu\u00edmetro\u00a0. A pesar de ello hemos expresado esta inquietud con el gobierno, haciendo consciencia de que\u00a0<strong>est\u00e1n obligados<\/strong>\u00a0a consultar a los organismos empresariales\u00bb, coment\u00f3.<br><br>El presidente de la C\u00e1mara de Comercio Puebla (<strong>Canaco Puebla<\/strong>) comparti\u00f3 que ya tuvieron acercamiento con el\u00a0<strong>Ayuntamiento de Puebla<\/strong>\u00a0para expresar sus demandas y pueda ajustar el\u00a0<strong>sistema de parqu\u00edmetros\u00a0<\/strong>en la capital.<\/p>\n\n\n\n<p class=\"wp-block-paragraph\"><strong>Juan Pablo Cisneros<\/strong>&nbsp;asegur\u00f3 que ya investigan las necesidades de cada sector para dialogar con el&nbsp;<strong>gobierno municipal<\/strong>. Entre sus principales demandas est\u00e1 el ampliar el&nbsp;<strong>tiempo de estacionamiento<\/strong>&nbsp;y tener consideraci\u00f3n de quienes trabajan en estas zonas.<\/p>\n\n\n\n<h2 class=\"wp-block-heading\"><strong>\u00bfC\u00f3mo afectan las tiendas chinas a la econom\u00eda de Puebla?<\/strong><\/h2>\n\n\n\n<p class=\"wp-block-paragraph\">En otro tema el presidente de la Canaco Puebla resalt\u00f3 que uno de los temas que tambi\u00e9n afecta al\u00a0<strong>comercio<\/strong>\u00a0de la capital es la presencia de\u00a0tiendas chinas.<br><br>Se\u00f1al\u00f3 que en las aduanas estos productos\u00a0<strong>no pagan los impuestos correspondientes<\/strong>\u00a0y al entrar al mercado nacional y local se venden por debajo del costo de los productos poblanos.<\/p>\n\n\n\n<p class=\"wp-block-paragraph\">\u00abEstos productos llegan a trav\u00e9s de las aduanas, de los puertos y&nbsp;<strong>no tienen los controles adecuados&nbsp;<\/strong>(&#8230;) entran a un&nbsp;<strong>mercado negro<\/strong>&nbsp;donde muchas veces se venden productos por debajo del costo de producci\u00f3n de los productos poblanos y mexicanos,&nbsp;<strong>exponiendo las fuentes de empleo<\/strong>\u00ab, reclam\u00f3.<\/p>\n\n\n\n<p class=\"wp-block-paragraph\">En la zona metropolitana de Puebla, pero principalmente en el&nbsp;<strong>Centro Hist\u00f3rico<\/strong>&nbsp;se detectaron&nbsp;<strong>24 tiendas chinas<\/strong>&nbsp;que recibieron reportes de que sus productos no coinciden el etiquetado, adem\u00e1s de no&nbsp;<strong>ofrecer facturas<\/strong>&nbsp;y, en caso de hacerlo, no corresponde al art\u00edculo que venden.<\/p>\n\n\n\n<p class=\"wp-block-paragraph\">Por ello el presidente de la&nbsp;<strong>Canaco Puebla<\/strong>&nbsp;exhort\u00f3 a las autoridades federales y estatales en realizar&nbsp;<strong>operativos contra los comercios<\/strong>&nbsp;que no cumplan con su regulaci\u00f3n y as\u00ed se tenga una competencia m\u00e1s leal.&nbsp;<\/p>\n","protected":false},"excerpt":{"rendered":"<p>La\u00a0ampliaci\u00f3n de los parqu\u00edmetros\u00a0a otras zonas de\u00a0Puebla\u00a0adem\u00e1s de su\u00a0Centro Hist\u00f3rico\u00a0no se consult\u00f3 con las distintas c\u00e1maras empresariales, reproch\u00f3 el presidente de la\u00a0Canaco Puebla, Juan Pablo Cisneros. As\u00ed lo declar\u00f3 hoy al se\u00f1alar que el proyecto solo se anunci\u00f3 en Cabildo del Ayuntamiento y&nbsp;jam\u00e1s se les consult\u00f3, por lo que asegur\u00f3 que la ampliaci\u00f3n&nbsp;no cuenta con [&hellip;]<\/p>\n","protected":false},"author":4,"featured_media":58188,"comment_status":"open","ping_status":"open","sticky":false,"template":"","format":"standard","meta":{"om_disable_all_campaigns":false,"_monsterinsights_skip_tracking":false,"footnotes":""},"categories":[175],"tags":[223],"class_list":["post-58187","post","type-post","status-publish","format-standard","has-post-thumbnail","hentry","category-local","tag-puebla"],"amp_enabled":true,"_links":{"self":[{"href":"https:\/\/lahora.mx\/index.php\/wp-json\/wp\/v2\/posts\/58187","targetHints":{"allow":["GET"]}}],"collection":[{"href":"https:\/\/lahora.mx\/index.php\/wp-json\/wp\/v2\/posts"}],"about":[{"href":"https:\/\/lahora.mx\/index.php\/wp-json\/wp\/v2\/types\/post"}],"author":[{"embeddable":true,"href":"https:\/\/lahora.mx\/index.php\/wp-json\/wp\/v2\/users\/4"}],"replies":[{"embeddable":true,"href":"https:\/\/lahora.mx\/index.php\/wp-json\/wp\/v2\/comments?post=58187"}],"version-history":[{"count":1,"href":"https:\/\/lahora.mx\/index.php\/wp-json\/wp\/v2\/posts\/58187\/revisions"}],"predecessor-version":[{"id":58189,"href":"https:\/\/lahora.mx\/index.php\/wp-json\/wp\/v2\/posts\/58187\/revisions\/58189"}],"wp:featuredmedia":[{"embeddable":true,"href":"https:\/\/lahora.mx\/index.php\/wp-json\/wp\/v2\/media\/58188"}],"wp:attachment":[{"href":"https:\/\/lahora.mx\/index.php\/wp-json\/wp\/v2\/media?parent=58187"}],"wp:term":[{"taxonomy":"category","embeddable":true,"href":"https:\/\/lahora.mx\/index.php\/wp-json\/wp\/v2\/categories?post=58187"},{"taxonomy":"post_tag","embeddable":true,"href":"https:\/\/lahora.mx\/index.php\/wp-json\/wp\/v2\/tags?post=58187"}],"curies":[{"name":"wp","href":"https:\/\/api.w.org\/{rel}","templated":true}]}}