{"id":58173,"date":"2025-01-31T23:03:14","date_gmt":"2025-01-31T23:03:14","guid":{"rendered":"https:\/\/lahora.mx\/?p=58173"},"modified":"2025-01-31T23:03:14","modified_gmt":"2025-01-31T23:03:14","slug":"gobierno-estatal-instalara-34-modulos-de-seguridad-en-accesos-a-puebla","status":"publish","type":"post","link":"https:\/\/lahora.mx\/index.php\/2025\/01\/31\/gobierno-estatal-instalara-34-modulos-de-seguridad-en-accesos-a-puebla\/","title":{"rendered":"Gobierno estatal instalar\u00e1 34 m\u00f3dulos de seguridad en accesos a Puebla"},"content":{"rendered":"\n<p class=\"wp-block-paragraph\">En los accesos a Puebla se instalar\u00e1n&nbsp;<strong>34 m\u00f3dulos de seguridad<\/strong>, de los cuales&nbsp;<strong>7 estar\u00e1n en la capital<\/strong>&nbsp;y 27 en las entradas de los siete estados que colindan con la entidad, revel\u00f3 el secretario de Gobernaci\u00f3n,&nbsp;<strong>Samuel Aguilar Pal\u00e1<\/strong>.<\/p>\n\n\n\n<p class=\"wp-block-paragraph\">En entrevista, detall\u00f3 que estos\u00a0puntos de vigilancia\u00a0se ubicar\u00e1n en las\u00a0<strong>zonas lim\u00edtrofes<\/strong>con:<\/p>\n\n\n\n<ul class=\"wp-block-list\">\n<li>Hidalgo<\/li>\n\n\n\n<li>Veracruz<\/li>\n\n\n\n<li>Morelos<\/li>\n\n\n\n<li>Tlaxcala<\/li>\n\n\n\n<li>Oaxaca<\/li>\n\n\n\n<li>Estado de M\u00e9xico<\/li>\n\n\n\n<li>Guerrero<\/li>\n<\/ul>\n\n\n\n<p class=\"wp-block-paragraph\">Se\u00f1al\u00f3 que esta medida forma parte de la estrategia de fortalecimiento en seguridad, la cual tambi\u00e9n incluye la&nbsp;<strong>instalaci\u00f3n de torres de vigilancia<\/strong>&nbsp;y el&nbsp;<strong>uso de camionetas de inteligencia<\/strong>, que fueron entregadas un d\u00eda despu\u00e9s de la toma de protesta de&nbsp;<strong>Alejandro Armenta Mier<\/strong>.<\/p>\n\n\n\n<p class=\"wp-block-paragraph\"><\/p>\n\n\n\n<p class=\"wp-block-paragraph\">Aguilar Pal\u00e1 explic\u00f3 que actualmente se eval\u00faan las zonas m\u00e1s adecuadas para\u00a0colocar los m\u00f3dulos\u00a0tanto en la capital como en el resto del estado.<\/p>\n\n\n\n<p class=\"wp-block-paragraph\">\u00abEllo&nbsp;<strong>nos va a aminorar el tema de delincuencia<\/strong>, ustedes ya vieron las&nbsp;<strong>torres de seguridad<\/strong>, las camionetas de inteligencia y estamos buscando en ese momento las&nbsp;<strong>zonas adecuadas<\/strong>&nbsp;para colocarlas\u00bb, se\u00f1al\u00f3.<\/p>\n\n\n\n<p class=\"wp-block-paragraph\">Asimismo, record\u00f3 que uno de los principales retos en materia de seguridad es la&nbsp;<strong>jurisdicci\u00f3n de los polic\u00edas estatales<\/strong>&nbsp;y municipales al momento de capturar a un delincuente.<\/p>\n\n\n\n<p class=\"wp-block-paragraph\">Explic\u00f3 que, en el pasado, los criminales lograban huir porque los agentes de un estado\u00a0<strong>no pod\u00edan cruzar a otra entidad<\/strong>\u00a0para detenerlos. Sin embargo, con el convenio firmado\u00a0hoy entre\u00a0<strong>Puebla y Tlaxcala<\/strong>, se espera que esta situaci\u00f3n ya no ocurra.<\/p>\n","protected":false},"excerpt":{"rendered":"<p>En los accesos a Puebla se instalar\u00e1n&nbsp;34 m\u00f3dulos de seguridad, de los cuales&nbsp;7 estar\u00e1n en la capital&nbsp;y 27 en las entradas de los siete estados que colindan con la entidad, revel\u00f3 el secretario de Gobernaci\u00f3n,&nbsp;Samuel Aguilar Pal\u00e1. En entrevista, detall\u00f3 que estos\u00a0puntos de vigilancia\u00a0se ubicar\u00e1n en las\u00a0zonas lim\u00edtrofescon: Se\u00f1al\u00f3 que esta medida forma parte de [&hellip;]<\/p>\n","protected":false},"author":4,"featured_media":58174,"comment_status":"open","ping_status":"open","sticky":false,"template":"","format":"standard","meta":{"om_disable_all_campaigns":false,"_monsterinsights_skip_tracking":false,"footnotes":""},"categories":[175],"tags":[239,223],"class_list":["post-58173","post","type-post","status-publish","format-standard","has-post-thumbnail","hentry","category-local","tag-gobierno","tag-puebla"],"amp_enabled":true,"_links":{"self":[{"href":"https:\/\/lahora.mx\/index.php\/wp-json\/wp\/v2\/posts\/58173","targetHints":{"allow":["GET"]}}],"collection":[{"href":"https:\/\/lahora.mx\/index.php\/wp-json\/wp\/v2\/posts"}],"about":[{"href":"https:\/\/lahora.mx\/index.php\/wp-json\/wp\/v2\/types\/post"}],"author":[{"embeddable":true,"href":"https:\/\/lahora.mx\/index.php\/wp-json\/wp\/v2\/users\/4"}],"replies":[{"embeddable":true,"href":"https:\/\/lahora.mx\/index.php\/wp-json\/wp\/v2\/comments?post=58173"}],"version-history":[{"count":1,"href":"https:\/\/lahora.mx\/index.php\/wp-json\/wp\/v2\/posts\/58173\/revisions"}],"predecessor-version":[{"id":58175,"href":"https:\/\/lahora.mx\/index.php\/wp-json\/wp\/v2\/posts\/58173\/revisions\/58175"}],"wp:featuredmedia":[{"embeddable":true,"href":"https:\/\/lahora.mx\/index.php\/wp-json\/wp\/v2\/media\/58174"}],"wp:attachment":[{"href":"https:\/\/lahora.mx\/index.php\/wp-json\/wp\/v2\/media?parent=58173"}],"wp:term":[{"taxonomy":"category","embeddable":true,"href":"https:\/\/lahora.mx\/index.php\/wp-json\/wp\/v2\/categories?post=58173"},{"taxonomy":"post_tag","embeddable":true,"href":"https:\/\/lahora.mx\/index.php\/wp-json\/wp\/v2\/tags?post=58173"}],"curies":[{"name":"wp","href":"https:\/\/api.w.org\/{rel}","templated":true}]}}