{"id":5815,"date":"2022-04-21T18:00:30","date_gmt":"2022-04-21T18:00:30","guid":{"rendered":"http:\/\/lahora.mx\/?p=5815"},"modified":"2022-05-12T12:20:22","modified_gmt":"2022-05-12T12:20:22","slug":"congreso-de-puebla-se-mantendra-sin-iniciativas-al-vapor-afirma-sergio-salomon","status":"publish","type":"post","link":"https:\/\/lahora.mx\/index.php\/2022\/04\/21\/congreso-de-puebla-se-mantendra-sin-iniciativas-al-vapor-afirma-sergio-salomon\/","title":{"rendered":"Congreso de Puebla se mantendr\u00e1 sin iniciativas afirma Sergio Salom\u00f3n"},"content":{"rendered":"\n<p>El presidente de la Junta de Gobierno y Coordinaci\u00f3n Pol\u00edtica del Congreso del Estado,&nbsp;<strong>Sergio Salom\u00f3n C\u00e9spedes Peregrina,<\/strong>&nbsp;rechaz\u00f3 que en Puebla pueda repetirse el escenario que vive la C\u00e1mara de Diputados, e indic\u00f3 que&nbsp;<strong>es mejor esperar un tiempo para sacar iniciativas por consensos o mayor\u00eda<\/strong>, pero sobre todo con la inclusi\u00f3n de todos.<\/p>\n\n\n\n<p>En entrevista con&nbsp;<em>Intolerancia Diario,<\/em>&nbsp;al preguntarle su opini\u00f3n acerca de lo ocurrido en la C\u00e1mara de Diputados Federal, y se podr\u00eda repetir en Puebla, declar\u00f3:<\/p>\n\n\n\n<p><em>\u201cEspero que no, tendremos que estar trabajando en el di\u00e1logo, en los consensos, siempre con respeto, la construcci\u00f3n de consensos se hace con base al respeto, y esto es fundamental para poderlo generar.\u201d<\/em><\/p>\n\n\n\n<p>El l\u00edder del Congreso de Puebla precis\u00f3 que es inocuo la ofensa&nbsp;entre mexicanos, al se\u00f1alar que no es tan sano ese tema y&nbsp;<strong>es necesario&nbsp;buscar las coincidencias para poder construir.<\/strong><\/p>\n\n\n\n<p><em>\u201cCreo que si los diputados de Morena que defendieron la iniciativa, muchos de ellos presentaron fundamentos, y daban razones muy v\u00e1lidas por las cuales se ten\u00eda que hacer un an\u00e1lisis muy puntual, y la oposici\u00f3n hac\u00eda lo propio tambi\u00e9n, que hoy se tiene que estudiar de fondo para saber qu\u00e9 eran ambas propuestas para tener con mucha objetividad un comentario de c\u00f3mo se generan los equilibrios, pero estos se generan basados en respeto y mucha comunicaci\u00f3n, y el parlamento.\u201d<\/em><\/p>\n\n\n\n<p><em>\u201cEn Puebla seguiremos buscando los consensos con el respeto de la ideolog\u00eda y de la manera de pensar de cada uno de los grupos parlamentarios, y eso se da con inclusi\u00f3n.\u201d<\/em><\/p>\n\n\n\n<p>De los costos pol\u00edticos para el 2024, asegur\u00f3 que son dos cosas distintas y<strong>&nbsp;todo va sumando para ir generando mejores condiciones<\/strong>&nbsp;y los liderazgos tienen que irse consolidando con base a los resultados que es lo que pide la gente.<\/p>\n\n\n\n<h2 class=\"wp-block-heading\">Tema de la seguridad<\/h2>\n\n\n\n<p>Sobre los hechos ocurridos por la violencia, dijo que es lamentable lo que ocurre a nivel nacional, pero hay que medir dando su justa dimensi\u00f3n,<em>&nbsp;\u201cno nos gusta ni tenemos que dejar de reconocer que hay hechos e il\u00edcitos, y se necesita gran coordinaci\u00f3n entre los gobiernos municipales, estatales y el federal, para que cada quien en el&nbsp; \u00e1mbito de su competencia haga lo propio.\u201d<\/em><\/p>\n\n\n\n<p>Record\u00f3 que el primer contacto de la ciudadan\u00eda, es con las autoridades municipales,&nbsp;<strong>por eso el llamado a los presidentes municipales a que revisen en qu\u00e9 est\u00e1n invirtiendo m\u00e1s<\/strong>, si infraestructura o seguridad.<\/p>\n\n\n\n<p>Y a partir de ese an\u00e1lisis, a\u00f1adi\u00f3, que hagan lo propio, que&nbsp;<strong>mejoren sueldos, que haya mayor capacitaci\u00f3n,<\/strong>&nbsp;y le inviertan m\u00e1s al tema de prevenci\u00f3n del delito, que se genere consciencia entre los ciudadanos.<\/p>\n\n\n\n<h2 class=\"wp-block-heading\">Avanzan las convocatorias<\/h2>\n\n\n\n<p>Asimismo dijo que las convocatorias para elegir auditor, y comisionada del ITAIP est\u00e1n&nbsp;abiertas,&nbsp;<strong>a\u00fan no se tienen los datos exactos de cuantas personas se han registrado<\/strong>, pero generalmente al final, es cuando llegan a realizar el tr\u00e1mite.<\/p>\n\n\n\n<p>Mientras en el tercer per\u00edodo del primer a\u00f1o legislativo, se\u00f1al\u00f3 que&nbsp;<strong>viene un trabajo intenso con todos los pendientes<\/strong>, destacando el tema del auditor.<\/p>\n\n\n\n<p><em>\u00abEl tema de la Unidad de Evaluaci\u00f3n y control para que ya quede conformado, el tema de transparencia que se debe abordar, y toda la agenda legislativa que se debe acabar de confirmar, terminar de confirmar con el consenso de los 41 diputados\u00bb,&nbsp;<\/em>finaliz\u00f3<em>.<\/em><\/p>\n","protected":false},"excerpt":{"rendered":"<p>El presidente de la Junta de Gobierno y Coordinaci\u00f3n Pol\u00edtica del Congreso del Estado,&nbsp;Sergio Salom\u00f3n C\u00e9spedes Peregrina,&nbsp;rechaz\u00f3 que en Puebla pueda repetirse el escenario que vive la C\u00e1mara de Diputados, e indic\u00f3 que&nbsp;es mejor esperar un tiempo para sacar iniciativas por consensos o mayor\u00eda, pero sobre todo con la inclusi\u00f3n de todos. En entrevista con&nbsp;Intolerancia [&hellip;]<\/p>\n","protected":false},"author":4,"featured_media":5819,"comment_status":"open","ping_status":"open","sticky":false,"template":"","format":"standard","meta":{"om_disable_all_campaigns":false,"_monsterinsights_skip_tracking":false,"_monsterinsights_sitenote_active":false,"_monsterinsights_sitenote_note":"","_monsterinsights_sitenote_category":0,"footnotes":""},"categories":[176],"tags":[],"class_list":["post-5815","post","type-post","status-publish","format-standard","has-post-thumbnail","hentry","category-nacional"],"amp_enabled":true,"_links":{"self":[{"href":"https:\/\/lahora.mx\/index.php\/wp-json\/wp\/v2\/posts\/5815","targetHints":{"allow":["GET"]}}],"collection":[{"href":"https:\/\/lahora.mx\/index.php\/wp-json\/wp\/v2\/posts"}],"about":[{"href":"https:\/\/lahora.mx\/index.php\/wp-json\/wp\/v2\/types\/post"}],"author":[{"embeddable":true,"href":"https:\/\/lahora.mx\/index.php\/wp-json\/wp\/v2\/users\/4"}],"replies":[{"embeddable":true,"href":"https:\/\/lahora.mx\/index.php\/wp-json\/wp\/v2\/comments?post=5815"}],"version-history":[{"count":2,"href":"https:\/\/lahora.mx\/index.php\/wp-json\/wp\/v2\/posts\/5815\/revisions"}],"predecessor-version":[{"id":5821,"href":"https:\/\/lahora.mx\/index.php\/wp-json\/wp\/v2\/posts\/5815\/revisions\/5821"}],"wp:featuredmedia":[{"embeddable":true,"href":"https:\/\/lahora.mx\/index.php\/wp-json\/wp\/v2\/media\/5819"}],"wp:attachment":[{"href":"https:\/\/lahora.mx\/index.php\/wp-json\/wp\/v2\/media?parent=5815"}],"wp:term":[{"taxonomy":"category","embeddable":true,"href":"https:\/\/lahora.mx\/index.php\/wp-json\/wp\/v2\/categories?post=5815"},{"taxonomy":"post_tag","embeddable":true,"href":"https:\/\/lahora.mx\/index.php\/wp-json\/wp\/v2\/tags?post=5815"}],"curies":[{"name":"wp","href":"https:\/\/api.w.org\/{rel}","templated":true}]}}