{"id":58048,"date":"2025-01-30T23:47:12","date_gmt":"2025-01-30T23:47:12","guid":{"rendered":"https:\/\/lahora.mx\/?p=58048"},"modified":"2025-01-30T23:47:12","modified_gmt":"2025-01-30T23:47:12","slug":"el-presidente-trump-reafirma-la-imposicion-de-aranceles-del-25-por-ciento-a-mexico-y-canada","status":"publish","type":"post","link":"https:\/\/lahora.mx\/index.php\/2025\/01\/30\/el-presidente-trump-reafirma-la-imposicion-de-aranceles-del-25-por-ciento-a-mexico-y-canada\/","title":{"rendered":"El presidente Trump reafirma la imposici\u00f3n de aranceles del 25 por ciento a M\u00e9xico y Canad\u00e1"},"content":{"rendered":"\n<p>El presidente de&nbsp;<strong>Estados Unidos<\/strong>,&nbsp;<strong>Donald Trump<\/strong>, confirm\u00f3 nuevamente que impondr\u00e1&nbsp;<strong>aranceles del 25 por ciento<\/strong>&nbsp;a las importaciones provenientes de&nbsp;<strong>M\u00e9xico<\/strong>&nbsp;y&nbsp;<strong>Canad\u00e1.<\/strong><\/p>\n\n\n\n<p>Su decisi\u00f3n, busca presionar a sus dos&nbsp;<strong>socios comerciales<\/strong>para alinearse con su agenda econ\u00f3mica y migratoria a cambio de evitar estos&nbsp;<strong>impuestos aduaneros<\/strong>.<\/p>\n\n\n\n<p>El mandatario afirm\u00f3 que en la noche del 30 de enero decidir\u00e1 si los aranceles\u00a0incluyen el\u00a0<strong>petr\u00f3leo<\/strong>\u00a0procedente de esos pa\u00edses y si el\u00a0<strong>precio del barril<\/strong>\u00a0ser\u00e1 un factor en la determinaci\u00f3n de los mismos.<\/p>\n\n\n\n<p>El portavoz de la Casa Blanca,&nbsp;<strong>Karoline Leavit<\/strong>&nbsp;destac\u00f3 la \u00abcooperaci\u00f3n hist\u00f3rica\u00bb entre ambos pa\u00edses, pero reiter\u00f3 la intenci\u00f3n de&nbsp;<strong>Trump<\/strong>&nbsp;de aplicar los aranceles a sus dos vecinos.<\/p>\n\n\n\n<p>Por ello, la presidenta de M\u00e9xico,\u00a0<strong>Claudia Sheinbaum<\/strong>, asegur\u00f3 que su gobierno tiene un \u00abplan\u00bb en caso de que la amenaza se concrete.<\/p>\n\n\n\n<p>Por otra parte,&nbsp;<strong>Canad\u00e1<\/strong>&nbsp;advirti\u00f3 que responder\u00e1 con medidas equivalentes si&nbsp;<strong>Estados Unidos<\/strong>&nbsp;decide avanzar con la imposici\u00f3n de impuestos a sus exportaciones.<\/p>\n\n\n\n<p><strong>Impacto en la econom\u00eda mexicana<\/strong><br>Especialistas advierten que la imposici\u00f3n de aranceles podr\u00eda afectar significativamente a la\u00a0<strong>econom\u00eda mexican<\/strong>a, que destina el\u00a0<strong>83 por ciento<\/strong>\u00a0de sus exportaciones a Estados Unidos.<\/p>\n\n\n\n<p>De acuerdo con an\u00e1lisis de&nbsp;<strong>The New York Times<\/strong>&nbsp;y&nbsp;<strong>CNN<\/strong>, la medida podr\u00eda provocar el cierre de f\u00e1bricas y&nbsp;<strong>p\u00e9rdidas masivas<\/strong>&nbsp;de empleos en sectores como:<\/p>\n\n\n\n<ul class=\"wp-block-list\">\n<li><strong>Industria automotriz<\/strong><\/li>\n<\/ul>\n\n\n\n<p>Este sector, que emplea a m\u00e1s de\u00a0<strong>un mill\u00f3n de personas en M\u00e9xico<\/strong>, se ver\u00e1 seriamente afectado, ya que depende de cadenas de suministro transfronterizas.<br><br><strong>Agricultura<\/strong><\/p>\n\n\n\n<p>M\u00e9xico es un proveedor fundamental de\u00a0<strong>frutas y verduras<\/strong>\u00a0para el mercado estadounidense, incluyendo productos de alta demanda como los\u00a0<strong>aguacates<\/strong>.\u00a0La imposici\u00f3n de aranceles encarecer\u00eda estos bienes, afectando tanto a productores mexicanos como a consumidores estadounidenses.<\/p>\n\n\n\n<ul class=\"wp-block-list\">\n<li><strong>Bebidas alcoh\u00f3licas<\/strong><\/li>\n<\/ul>\n\n\n\n<p>Empresas como&nbsp;<strong>Constellation Brands<\/strong>, que importa cervezas como&nbsp;<strong>Corona<\/strong>&nbsp;y&nbsp;<strong>Modelo<\/strong>, as\u00ed como&nbsp;<strong>tequilas&nbsp;<\/strong>de alta gama, podr\u00edan ver incrementos en sus costos. Esto se traducir\u00eda en un aumento en los precios de estos productos en el mercado estadounidense.<\/p>\n\n\n\n<p><\/p>\n","protected":false},"excerpt":{"rendered":"<p>El presidente de&nbsp;Estados Unidos,&nbsp;Donald Trump, confirm\u00f3 nuevamente que impondr\u00e1&nbsp;aranceles del 25 por ciento&nbsp;a las importaciones provenientes de&nbsp;M\u00e9xico&nbsp;y&nbsp;Canad\u00e1. Su decisi\u00f3n, busca presionar a sus dos&nbsp;socios comercialespara alinearse con su agenda econ\u00f3mica y migratoria a cambio de evitar estos&nbsp;impuestos aduaneros. El mandatario afirm\u00f3 que en la noche del 30 de enero decidir\u00e1 si los aranceles\u00a0incluyen el\u00a0petr\u00f3leo\u00a0procedente de [&hellip;]<\/p>\n","protected":false},"author":4,"featured_media":58049,"comment_status":"open","ping_status":"open","sticky":false,"template":"","format":"standard","meta":{"om_disable_all_campaigns":false,"_monsterinsights_skip_tracking":false,"_monsterinsights_sitenote_active":false,"_monsterinsights_sitenote_note":"","_monsterinsights_sitenote_category":0,"footnotes":""},"categories":[183],"tags":[],"class_list":["post-58048","post","type-post","status-publish","format-standard","has-post-thumbnail","hentry","category-internacional"],"amp_enabled":true,"_links":{"self":[{"href":"https:\/\/lahora.mx\/index.php\/wp-json\/wp\/v2\/posts\/58048","targetHints":{"allow":["GET"]}}],"collection":[{"href":"https:\/\/lahora.mx\/index.php\/wp-json\/wp\/v2\/posts"}],"about":[{"href":"https:\/\/lahora.mx\/index.php\/wp-json\/wp\/v2\/types\/post"}],"author":[{"embeddable":true,"href":"https:\/\/lahora.mx\/index.php\/wp-json\/wp\/v2\/users\/4"}],"replies":[{"embeddable":true,"href":"https:\/\/lahora.mx\/index.php\/wp-json\/wp\/v2\/comments?post=58048"}],"version-history":[{"count":1,"href":"https:\/\/lahora.mx\/index.php\/wp-json\/wp\/v2\/posts\/58048\/revisions"}],"predecessor-version":[{"id":58050,"href":"https:\/\/lahora.mx\/index.php\/wp-json\/wp\/v2\/posts\/58048\/revisions\/58050"}],"wp:featuredmedia":[{"embeddable":true,"href":"https:\/\/lahora.mx\/index.php\/wp-json\/wp\/v2\/media\/58049"}],"wp:attachment":[{"href":"https:\/\/lahora.mx\/index.php\/wp-json\/wp\/v2\/media?parent=58048"}],"wp:term":[{"taxonomy":"category","embeddable":true,"href":"https:\/\/lahora.mx\/index.php\/wp-json\/wp\/v2\/categories?post=58048"},{"taxonomy":"post_tag","embeddable":true,"href":"https:\/\/lahora.mx\/index.php\/wp-json\/wp\/v2\/tags?post=58048"}],"curies":[{"name":"wp","href":"https:\/\/api.w.org\/{rel}","templated":true}]}}