{"id":57998,"date":"2025-01-29T23:36:28","date_gmt":"2025-01-29T23:36:28","guid":{"rendered":"https:\/\/lahora.mx\/?p=57998"},"modified":"2025-01-29T23:36:29","modified_gmt":"2025-01-29T23:36:29","slug":"jose-chedraui-se-compromete-a-tapar-todos-los-baches-de-puebla-en-2025","status":"publish","type":"post","link":"https:\/\/lahora.mx\/index.php\/2025\/01\/29\/jose-chedraui-se-compromete-a-tapar-todos-los-baches-de-puebla-en-2025\/","title":{"rendered":"Jos\u00e9 Chedraui se compromete a tapar todos los baches de Puebla en 2025"},"content":{"rendered":"\n<p>El alcalde\u00a0<strong>Jos\u00e9 Chedraui<\/strong>present\u00f3 su\u00a0<strong>informe de cien d\u00edas de gobierno,<\/strong>destacando\u00a0<strong>avances en seguridad y obra p\u00fablica<\/strong>, reciclando programas como el de\u00a0<strong>Estancias Infantiles<\/strong>\u00a0y M\u00e9dico Contigo y comprometi\u00e9ndose a\u00a0<strong>reparar todos los baches<\/strong> de Puebla en este\u00a0<strong>2025<\/strong>.<\/p>\n\n\n\n<p>Ante los l\u00edderes estatales de&nbsp;<strong>Morena<\/strong>, Olga Luc\u00eda Romero; Partido Verde,&nbsp;<strong>Jaime Natale<\/strong>; Partido del Trabajo, Liz S\u00e1nchez y diputados locales y federales, adem\u00e1s del vicealmirante,&nbsp;<strong>Francisco S\u00e1nchez<\/strong>, quien acudi\u00f3 en representaci\u00f3n del gobernador&nbsp;<strong>Alejandro Armenta<\/strong>, Jos\u00e9 Chedraui se comprometi\u00f3 a que&nbsp;<strong>Puebla brille<\/strong>&nbsp;con diversos programas que realizar\u00e1.<\/p>\n\n\n\n<p>Antes de presentar los logros de sus\u00a0<strong>cien d\u00edas de gobierno<\/strong>, Jos\u00e9 Chedraui reiter\u00f3 que\u00a0recibi\u00f3 un ayuntamiento con deudas debido a los malos gastos que realiz\u00f3 la administraci\u00f3n de\u00a0<strong>Eduardo Rivera y Ad\u00e1n Dom\u00ednguez<\/strong>.<br>Asimismo, revel\u00f3 que existen\u00a0<strong>368 observaciones<\/strong>\u00a0por acciones del gobierno pasado que quedaron inconclusas, aunque no hay ning\u00fan sancionado al corte del 29 de enero.<\/p>\n\n\n\n<p>A\u00f1adi\u00f3 que, a pesar de haber\u00a0<strong>observaciones<\/strong>\u00a0y heredado deudas, no va a perseguir\u00a0a los funcionarios de la\u00a0<strong>administraci\u00f3n panista<\/strong>porque no es prioridad, pero tampoco dejar\u00e1 que\u00a0<strong>se viole la ley<\/strong>.<\/p>\n\n\n\n<p>En su mensaje,&nbsp;<strong>Jos\u00e9 Chedraui Budib<\/strong>&nbsp;revel\u00f3 que hay cuatro temas primordiales de su administraci\u00f3n,&nbsp;<strong>seguridad, infraestructura, bacheo e iluminaci\u00f3n,<\/strong>&nbsp;los cuales se atender\u00e1n con diversas acciones.<\/p>\n\n\n\n<p>Para el tema de&nbsp;<strong>seguridad<\/strong>, el alcalde adelant\u00f3 que se&nbsp;<strong>aumentar\u00e1<\/strong>&nbsp;40 por ciento el&nbsp;<strong>salario<\/strong>&nbsp;de los&nbsp;<strong>polic\u00edas municipales<\/strong>&nbsp;a fin de mejorar su trabajo, reforzar\u00e1 la estrategia con las&nbsp;<strong>200 nuevas patrullas<\/strong>&nbsp;que fueron entregadas el lunes 27 de enero.<br><br>En este tema, destac\u00f3 que en sus primeros&nbsp;<strong>cien d\u00edas<\/strong>&nbsp;se reforz\u00f3 la coordinaci\u00f3n con el gobierno estatal y federal dando como resultado 5 mil 116 detenciones, lo cual provoc\u00f3 la&nbsp;<strong>reducci\u00f3n delictiva<\/strong>&nbsp;en los siguientes delitos:<\/p>\n\n\n\n<p>Robo a transe\u00fante, 18 por ciento menos<\/p>\n\n\n\n<p>Robo de veh\u00edculo, 11 por ciento menos<\/p>\n\n\n\n<p>Robo a comercio, 32 por ciento menos<\/p>\n\n\n\n<p>Robo a casa habitaci\u00f3n, 23 por ciento menos<\/p>\n\n\n\n<p>Robo en transporte p\u00fablico, 29 por ciento menos<br><br><\/p>\n","protected":false},"excerpt":{"rendered":"<p>El alcalde\u00a0Jos\u00e9 Chedrauipresent\u00f3 su\u00a0informe de cien d\u00edas de gobierno,destacando\u00a0avances en seguridad y obra p\u00fablica, reciclando programas como el de\u00a0Estancias Infantiles\u00a0y M\u00e9dico Contigo y comprometi\u00e9ndose a\u00a0reparar todos los baches de Puebla en este\u00a02025. Ante los l\u00edderes estatales de&nbsp;Morena, Olga Luc\u00eda Romero; Partido Verde,&nbsp;Jaime Natale; Partido del Trabajo, Liz S\u00e1nchez y diputados locales y federales, adem\u00e1s del [&hellip;]<\/p>\n","protected":false},"author":4,"featured_media":57999,"comment_status":"open","ping_status":"open","sticky":false,"template":"","format":"standard","meta":{"om_disable_all_campaigns":false,"_monsterinsights_skip_tracking":false,"_monsterinsights_sitenote_active":false,"_monsterinsights_sitenote_note":"","_monsterinsights_sitenote_category":0,"footnotes":""},"categories":[175],"tags":[],"class_list":["post-57998","post","type-post","status-publish","format-standard","has-post-thumbnail","hentry","category-local"],"amp_enabled":true,"_links":{"self":[{"href":"https:\/\/lahora.mx\/index.php\/wp-json\/wp\/v2\/posts\/57998","targetHints":{"allow":["GET"]}}],"collection":[{"href":"https:\/\/lahora.mx\/index.php\/wp-json\/wp\/v2\/posts"}],"about":[{"href":"https:\/\/lahora.mx\/index.php\/wp-json\/wp\/v2\/types\/post"}],"author":[{"embeddable":true,"href":"https:\/\/lahora.mx\/index.php\/wp-json\/wp\/v2\/users\/4"}],"replies":[{"embeddable":true,"href":"https:\/\/lahora.mx\/index.php\/wp-json\/wp\/v2\/comments?post=57998"}],"version-history":[{"count":1,"href":"https:\/\/lahora.mx\/index.php\/wp-json\/wp\/v2\/posts\/57998\/revisions"}],"predecessor-version":[{"id":58000,"href":"https:\/\/lahora.mx\/index.php\/wp-json\/wp\/v2\/posts\/57998\/revisions\/58000"}],"wp:featuredmedia":[{"embeddable":true,"href":"https:\/\/lahora.mx\/index.php\/wp-json\/wp\/v2\/media\/57999"}],"wp:attachment":[{"href":"https:\/\/lahora.mx\/index.php\/wp-json\/wp\/v2\/media?parent=57998"}],"wp:term":[{"taxonomy":"category","embeddable":true,"href":"https:\/\/lahora.mx\/index.php\/wp-json\/wp\/v2\/categories?post=57998"},{"taxonomy":"post_tag","embeddable":true,"href":"https:\/\/lahora.mx\/index.php\/wp-json\/wp\/v2\/tags?post=57998"}],"curies":[{"name":"wp","href":"https:\/\/api.w.org\/{rel}","templated":true}]}}