{"id":57986,"date":"2025-01-29T17:40:57","date_gmt":"2025-01-29T17:40:57","guid":{"rendered":"https:\/\/lahora.mx\/?p=57986"},"modified":"2025-01-29T17:40:58","modified_gmt":"2025-01-29T17:40:58","slug":"honduras-cancela-cumbre-de-la-celac-tras-acuerdo-entre-trump-y-petro","status":"publish","type":"post","link":"https:\/\/lahora.mx\/index.php\/2025\/01\/29\/honduras-cancela-cumbre-de-la-celac-tras-acuerdo-entre-trump-y-petro\/","title":{"rendered":"Honduras cancela cumbre de la Celac tras acuerdo entre Trump y Petro"},"content":{"rendered":"\n<p>La presidenta de&nbsp;<strong>Honduras<\/strong>,&nbsp;<strong>Iris Xiomara Castro Sarmiento<\/strong>, cancel\u00f3 la&nbsp;<strong>cumbre extraordinaria<\/strong>&nbsp;de la Comunidad de Estados Latinoamericanos y Caribe\u00f1os (<strong>Celac<\/strong>) que se celebrar\u00eda el d\u00eda de ma\u00f1ana.<\/p>\n\n\n\n<p>La decisi\u00f3n se inform\u00f3 ayer en la noche en un comunicado v\u00eda X, luego que Colombia y Estados Unidos resolvieron diferencias sobre deportaciones de migrantes.<\/p>\n\n\n\n<p>La reuni\u00f3n se solicit\u00f3 por el presidente colombiano,&nbsp;<strong>Gustavo Petro<\/strong>, tras el conflicto con su hom\u00f3logo estadounidense,&nbsp;<strong>Donald Trump<\/strong>.<\/p>\n\n\n\n<p>Petro\u00a0<strong>se neg\u00f3 a recibir<\/strong>\u00a0vuelos con migrantes deportados a quienes mandaron\u00a0encadenados y bajo trato de criminales, lo que llev\u00f3 a Trump a imponer aranceles del 25 por ciento a productos colombianos que entren al pa\u00eds norteamericano.<br>De acuerdo con el colombiano, se pact\u00f3 recibir los vuelos, pero\u00a0<strong>no bajo esas condiciones<\/strong>. En respuesta a la decisi\u00f3n de Trump, el gobierno sudamericano orden\u00f3 imponer\u00a0<strong>aranceles de 25 por ciento<\/strong>\u00a0a todos los productos estadunidenses que entren al pa\u00eds.<\/p>\n\n\n\n<p>Tras pl\u00e1ticas diplom\u00e1ticas,&nbsp;<strong>Estados Unidos<\/strong>&nbsp;se\u00f1al\u00f3 que dejar\u00eda de tratar a los migrantes colombianos deportados como criminales y la administraci\u00f3n de&nbsp;<strong>Colombia&nbsp;<\/strong>acept\u00f3, lo que permiti\u00f3 la reanudaci\u00f3n de los vuelos.<\/p>\n\n\n\n<p>Luego de este impase superado,&nbsp;<strong>Xiomara Castro<\/strong>, como presidenta pro t\u00e9mpore de la&nbsp;<strong>Celac<\/strong>, inform\u00f3 sobre la cancelaci\u00f3n la cumbre extraordinaria, aunque reiter\u00f3 su compromiso de seguir abordando&nbsp;<strong>temas sensibles para la regi\u00f3n<\/strong>.<\/p>\n\n\n\n<p>La presidenta de M\u00e9xico,&nbsp;<strong>Claudia Sheinbaum<\/strong>&nbsp;<strong>Pardo<\/strong>, celebr\u00f3 el acuerdo entre ambas naciones y subray\u00f3 la importancia del di\u00e1logo. Confirm\u00f3 que no asistir\u00eda a la cumbre, aunque el gobierno mexicano mantiene su disposici\u00f3n para fortalecer la cooperaci\u00f3n regional.&nbsp;<\/p>\n","protected":false},"excerpt":{"rendered":"<p>La presidenta de&nbsp;Honduras,&nbsp;Iris Xiomara Castro Sarmiento, cancel\u00f3 la&nbsp;cumbre extraordinaria&nbsp;de la Comunidad de Estados Latinoamericanos y Caribe\u00f1os (Celac) que se celebrar\u00eda el d\u00eda de ma\u00f1ana. La decisi\u00f3n se inform\u00f3 ayer en la noche en un comunicado v\u00eda X, luego que Colombia y Estados Unidos resolvieron diferencias sobre deportaciones de migrantes. La reuni\u00f3n se solicit\u00f3 por el [&hellip;]<\/p>\n","protected":false},"author":4,"featured_media":57987,"comment_status":"open","ping_status":"open","sticky":false,"template":"","format":"standard","meta":{"om_disable_all_campaigns":false,"_monsterinsights_skip_tracking":false,"_monsterinsights_sitenote_active":false,"_monsterinsights_sitenote_note":"","_monsterinsights_sitenote_category":0,"footnotes":""},"categories":[183],"tags":[],"class_list":["post-57986","post","type-post","status-publish","format-standard","has-post-thumbnail","hentry","category-internacional"],"amp_enabled":true,"_links":{"self":[{"href":"https:\/\/lahora.mx\/index.php\/wp-json\/wp\/v2\/posts\/57986","targetHints":{"allow":["GET"]}}],"collection":[{"href":"https:\/\/lahora.mx\/index.php\/wp-json\/wp\/v2\/posts"}],"about":[{"href":"https:\/\/lahora.mx\/index.php\/wp-json\/wp\/v2\/types\/post"}],"author":[{"embeddable":true,"href":"https:\/\/lahora.mx\/index.php\/wp-json\/wp\/v2\/users\/4"}],"replies":[{"embeddable":true,"href":"https:\/\/lahora.mx\/index.php\/wp-json\/wp\/v2\/comments?post=57986"}],"version-history":[{"count":1,"href":"https:\/\/lahora.mx\/index.php\/wp-json\/wp\/v2\/posts\/57986\/revisions"}],"predecessor-version":[{"id":57988,"href":"https:\/\/lahora.mx\/index.php\/wp-json\/wp\/v2\/posts\/57986\/revisions\/57988"}],"wp:featuredmedia":[{"embeddable":true,"href":"https:\/\/lahora.mx\/index.php\/wp-json\/wp\/v2\/media\/57987"}],"wp:attachment":[{"href":"https:\/\/lahora.mx\/index.php\/wp-json\/wp\/v2\/media?parent=57986"}],"wp:term":[{"taxonomy":"category","embeddable":true,"href":"https:\/\/lahora.mx\/index.php\/wp-json\/wp\/v2\/categories?post=57986"},{"taxonomy":"post_tag","embeddable":true,"href":"https:\/\/lahora.mx\/index.php\/wp-json\/wp\/v2\/tags?post=57986"}],"curies":[{"name":"wp","href":"https:\/\/api.w.org\/{rel}","templated":true}]}}