{"id":57952,"date":"2025-01-29T01:29:21","date_gmt":"2025-01-29T01:29:21","guid":{"rendered":"https:\/\/lahora.mx\/?p=57952"},"modified":"2025-01-29T01:29:22","modified_gmt":"2025-01-29T01:29:22","slug":"zavala-pierde-amparo-por-el-feminicidio-de-cecilia-monzon","status":"publish","type":"post","link":"https:\/\/lahora.mx\/index.php\/2025\/01\/29\/zavala-pierde-amparo-por-el-feminicidio-de-cecilia-monzon\/","title":{"rendered":"Zavala pierde amparo por el feminicidio de Cecilia Monz\u00f3n"},"content":{"rendered":"\n<p>El\u00a0<strong>Tercer Tribunal Colegiado<\/strong>\u00a0en\u00a0<strong>Materia Penal del Sexto Circuito<\/strong>, con sede en<strong>\u00a0San Andr\u00e9s Cholula<\/strong>,<strong>\u00a0desestim\u00f3 el amparo<\/strong> solicitado por la defensa de\u00a0<strong>Javier N<\/strong>, con el que se pretend\u00eda<strong>evadir el juicio oral<\/strong>\u00a0por el delito de<strong>\u00a0feminicidio contra Cecilia Monz\u00f3n<\/strong>.<br><strong>Helena Monz\u00f3n<\/strong>, hermana de la v\u00edctima, se\u00f1al\u00f3 que\u00a0<strong>ahora s\u00ed lleg\u00f3 la hora de la justicia\u00a0<\/strong>y confi\u00f3 en el trabajo que realizar\u00e1 la Fiscal\u00eda General del Estado (<strong>FGE<\/strong>).<\/p>\n\n\n\n<p>La familia de Cecilia Monz\u00f3n dio a conocer que la resoluci\u00f3n, dictada en fase de revisi\u00f3n de amparo \u2014que ha tardado dos meses en resolverse, adem\u00e1s de otros siete meses en primera instancia\u2014,&nbsp;<strong>ser\u00e1 notificada al Juzgado de Oralidad Penal y Ejecuci\u00f3n de la Regi\u00f3n Judicial Centro<\/strong>, con sede en Puebla.<\/p>\n\n\n\n<p>Ahora ser\u00e1 el&nbsp;<strong>tribunal correspondiente&nbsp;<\/strong>el que proceda a&nbsp;<strong>cumplir con el auto de apertura de juicio oral&nbsp;<\/strong>establecido desde agosto de 2023.<\/p>\n\n\n\n<p>En el juicio oral, la FGE y la familia de Cecilia Monz\u00f3n solicitar\u00e1n\u00a0<strong>que se condene a Javier N.\u00a0<\/strong>(como autor intelectual)\u00a0<strong>y a los dos acusados\u00a0<\/strong>(como autores materiales) a cumplir<strong>\u00a060 a\u00f1os de prisi\u00f3n cada uno<\/strong>, la pena m\u00e1xima seg\u00fan el C\u00f3digo Penal del Estado de Puebla.<\/p>\n","protected":false},"excerpt":{"rendered":"<p>El\u00a0Tercer Tribunal Colegiado\u00a0en\u00a0Materia Penal del Sexto Circuito, con sede en\u00a0San Andr\u00e9s Cholula,\u00a0desestim\u00f3 el amparo solicitado por la defensa de\u00a0Javier N, con el que se pretend\u00edaevadir el juicio oral\u00a0por el delito de\u00a0feminicidio contra Cecilia Monz\u00f3n.Helena Monz\u00f3n, hermana de la v\u00edctima, se\u00f1al\u00f3 que\u00a0ahora s\u00ed lleg\u00f3 la hora de la justicia\u00a0y confi\u00f3 en el trabajo que realizar\u00e1 la [&hellip;]<\/p>\n","protected":false},"author":4,"featured_media":57953,"comment_status":"open","ping_status":"open","sticky":false,"template":"","format":"standard","meta":{"om_disable_all_campaigns":false,"_monsterinsights_skip_tracking":false,"_monsterinsights_sitenote_active":false,"_monsterinsights_sitenote_note":"","_monsterinsights_sitenote_category":0,"footnotes":""},"categories":[175,226],"tags":[195],"class_list":["post-57952","post","type-post","status-publish","format-standard","has-post-thumbnail","hentry","category-local","category-policia","tag-principal"],"amp_enabled":true,"_links":{"self":[{"href":"https:\/\/lahora.mx\/index.php\/wp-json\/wp\/v2\/posts\/57952","targetHints":{"allow":["GET"]}}],"collection":[{"href":"https:\/\/lahora.mx\/index.php\/wp-json\/wp\/v2\/posts"}],"about":[{"href":"https:\/\/lahora.mx\/index.php\/wp-json\/wp\/v2\/types\/post"}],"author":[{"embeddable":true,"href":"https:\/\/lahora.mx\/index.php\/wp-json\/wp\/v2\/users\/4"}],"replies":[{"embeddable":true,"href":"https:\/\/lahora.mx\/index.php\/wp-json\/wp\/v2\/comments?post=57952"}],"version-history":[{"count":1,"href":"https:\/\/lahora.mx\/index.php\/wp-json\/wp\/v2\/posts\/57952\/revisions"}],"predecessor-version":[{"id":57954,"href":"https:\/\/lahora.mx\/index.php\/wp-json\/wp\/v2\/posts\/57952\/revisions\/57954"}],"wp:featuredmedia":[{"embeddable":true,"href":"https:\/\/lahora.mx\/index.php\/wp-json\/wp\/v2\/media\/57953"}],"wp:attachment":[{"href":"https:\/\/lahora.mx\/index.php\/wp-json\/wp\/v2\/media?parent=57952"}],"wp:term":[{"taxonomy":"category","embeddable":true,"href":"https:\/\/lahora.mx\/index.php\/wp-json\/wp\/v2\/categories?post=57952"},{"taxonomy":"post_tag","embeddable":true,"href":"https:\/\/lahora.mx\/index.php\/wp-json\/wp\/v2\/tags?post=57952"}],"curies":[{"name":"wp","href":"https:\/\/api.w.org\/{rel}","templated":true}]}}