{"id":5782,"date":"2022-04-20T23:46:13","date_gmt":"2022-04-20T23:46:13","guid":{"rendered":"http:\/\/lahora.mx\/?p=5782"},"modified":"2022-04-20T23:48:07","modified_gmt":"2022-04-20T23:48:07","slug":"critica-monreal-campana-contra-diputados-que-no-apoyaron-reforma-electrica","status":"publish","type":"post","link":"https:\/\/lahora.mx\/index.php\/2022\/04\/20\/critica-monreal-campana-contra-diputados-que-no-apoyaron-reforma-electrica\/","title":{"rendered":"Critica Monreal campa\u00f1a contra diputados que no apoyaron reforma el\u00e9ctrica"},"content":{"rendered":"\n<p>El coordinador de<strong>&nbsp;Morena<\/strong>&nbsp;en el Senado,&nbsp;<strong>Ricardo Monreal \u00c1vila,<\/strong>&nbsp;expres\u00f3 su desacuerdo con la&nbsp;<strong>campa\u00f1a<\/strong>&nbsp;emprendida por su partido para exhibir a los diputados&nbsp;que votaron en contra de la iniciativa de reforma el\u00e9ctrica&nbsp;al advertir que no es conveniente profundizar el odio ni el encono.<br>En entrevista, el tambi\u00e9n presidente de la Junta de Coordinaci\u00f3n Pol\u00edtica (Jucopo) hizo un llamado a sus compa\u00f1eros de&nbsp;<strong>Morena<\/strong>&nbsp;a actuar con serenidad y prudencia, ya que le est\u00e1n dificultando los acuerdos en el Senado para construir las mayor\u00edas calificadas que se requieren.<br><\/p>\n\n\n\n<p>\u201c\u00bfC\u00f3mo si les escupo o lo insult\u00f3, les pido que se siente conmigo? No, no tendr\u00eda forma de hacerlo. Adem\u00e1s lo hago no s\u00f3lo por definici\u00f3n, sino por convicci\u00f3n. Yo fui opositor. Y fui maltratado. Y ahora que soy mayor\u00eda no hago lo mismo con la oposici\u00f3n, los respeto y los escucho, los atiendo, aunque no coincida con ellos. Pero respeto lo que dicen y su verdad debe ser expresada\u201d, subray\u00f3.<\/p>\n\n\n\n<p>\u201c\u00bfC\u00f3mo les pedimos, si los insultamos, que nos sentemos a dialogar y a buscar acuerdos? No me dejan mucha salida, porque ellos mismos me dicen. \u00bfPero como me pides eso si s\u00f3lo recibo este tipo de ofensas?, o sea, es un tema de fondo, que eso es lo que me est\u00e1 provocando dificultades en la construcci\u00f3n de mayor\u00edas calificadas\u201d, remarc\u00f3.<\/p>\n\n\n\n<p><strong>Ricardo Monreal&nbsp;<\/strong>record\u00f3 a su partido que las minor\u00edas existen y la oposici\u00f3n es real, y adem\u00e1s, aunque se enojen en Morena, \u201c<strong>necesitamos al Bloque de Contenci\u00f3n&nbsp;<\/strong>para aprobar las reformas constitucionales (\u2026) y para enfrentar los grandes desaf\u00edos que M\u00e9xico est\u00e1 presentando en este momento. Entonces yo no profundizar\u00eda el encono, ni tampoco el odio. Yo me inclino m\u00e1s por la reconciliaci\u00f3n\u201d, apunt\u00f3.<\/p>\n\n\n\n<p>Adem\u00e1s, rechaz\u00f3 etiquetar como traidores a quienes votaron en contra de la<strong>&nbsp;reforma el\u00e9ctrica<\/strong>&nbsp;del presidente Andr\u00e9s Manuel Lopez Obrador. \u201cEn un Parlamento se tienen diferencias, no tienen por qu\u00e9 todos votar en el mismo sentido, porque un Parlamento representa la pluralidad del pa\u00eds y no todos pensamos igual\u201d.<br><\/p>\n\n\n\n<p>Monreal \u00c1vila recomend\u00f3 a sus compa\u00f1eros legisladores de Morena que en todas las reformas se dialogue mucho, porque eso es lo que ha dado buenos resultados en el Senado, donde ni se ha rechazado una sola de las reformas constitucionales propuestas por el presidente L\u00f3pez Obrador.<\/p>\n\n\n\n<p>\u201cQue no se cansen de dialogar, de hablar, de buscar acuerdos, se puede lograr. Aqu\u00ed hemos sacado todas las reformas constitucionales que nos han planteado, no ha habido una sola que se haya rechazado. Y creo que se puede lograr. Yo estoy convencido de que hay forma de lograr acuerdos y consensos con todos los partidos pol\u00edticos\u201d, enfatiz\u00f3.<\/p>\n","protected":false},"excerpt":{"rendered":"<p>El coordinador de&nbsp;Morena&nbsp;en el Senado,&nbsp;Ricardo Monreal \u00c1vila,&nbsp;expres\u00f3 su desacuerdo con la&nbsp;campa\u00f1a&nbsp;emprendida por su partido para exhibir a los diputados&nbsp;que votaron en contra de la iniciativa de reforma el\u00e9ctrica&nbsp;al advertir que no es conveniente profundizar el odio ni el encono.En entrevista, el tambi\u00e9n presidente de la Junta de Coordinaci\u00f3n Pol\u00edtica (Jucopo) hizo un llamado a sus [&hellip;]<\/p>\n","protected":false},"author":4,"featured_media":5784,"comment_status":"open","ping_status":"open","sticky":false,"template":"","format":"standard","meta":{"om_disable_all_campaigns":false,"_monsterinsights_skip_tracking":false,"_monsterinsights_sitenote_active":false,"_monsterinsights_sitenote_note":"","_monsterinsights_sitenote_category":0,"footnotes":""},"categories":[176],"tags":[],"class_list":["post-5782","post","type-post","status-publish","format-standard","has-post-thumbnail","hentry","category-nacional"],"amp_enabled":true,"_links":{"self":[{"href":"https:\/\/lahora.mx\/index.php\/wp-json\/wp\/v2\/posts\/5782","targetHints":{"allow":["GET"]}}],"collection":[{"href":"https:\/\/lahora.mx\/index.php\/wp-json\/wp\/v2\/posts"}],"about":[{"href":"https:\/\/lahora.mx\/index.php\/wp-json\/wp\/v2\/types\/post"}],"author":[{"embeddable":true,"href":"https:\/\/lahora.mx\/index.php\/wp-json\/wp\/v2\/users\/4"}],"replies":[{"embeddable":true,"href":"https:\/\/lahora.mx\/index.php\/wp-json\/wp\/v2\/comments?post=5782"}],"version-history":[{"count":2,"href":"https:\/\/lahora.mx\/index.php\/wp-json\/wp\/v2\/posts\/5782\/revisions"}],"predecessor-version":[{"id":5786,"href":"https:\/\/lahora.mx\/index.php\/wp-json\/wp\/v2\/posts\/5782\/revisions\/5786"}],"wp:featuredmedia":[{"embeddable":true,"href":"https:\/\/lahora.mx\/index.php\/wp-json\/wp\/v2\/media\/5784"}],"wp:attachment":[{"href":"https:\/\/lahora.mx\/index.php\/wp-json\/wp\/v2\/media?parent=5782"}],"wp:term":[{"taxonomy":"category","embeddable":true,"href":"https:\/\/lahora.mx\/index.php\/wp-json\/wp\/v2\/categories?post=5782"},{"taxonomy":"post_tag","embeddable":true,"href":"https:\/\/lahora.mx\/index.php\/wp-json\/wp\/v2\/tags?post=5782"}],"curies":[{"name":"wp","href":"https:\/\/api.w.org\/{rel}","templated":true}]}}