{"id":5779,"date":"2022-04-20T23:43:21","date_gmt":"2022-04-20T23:43:21","guid":{"rendered":"http:\/\/lahora.mx\/?p=5779"},"modified":"2022-04-20T23:43:22","modified_gmt":"2022-04-20T23:43:22","slug":"el-empleo-en-la-manufactura-alcanza-su-mejor-nivel-en-febrero","status":"publish","type":"post","link":"https:\/\/lahora.mx\/index.php\/2022\/04\/20\/el-empleo-en-la-manufactura-alcanza-su-mejor-nivel-en-febrero\/","title":{"rendered":"El empleo en la manufactura alcanza su mejor nivel en febrero"},"content":{"rendered":"\n<p>El&nbsp;<strong>mercado laboral&nbsp;<\/strong>de&nbsp;la industria manufacturera, una de las m\u00e1s importantes en M\u00e9xico, ya dio la vuelta a la crisis Covid-19 y ya registr\u00f3 en febrero del 2022&nbsp;su mejor nivel en materia de personal ocupado, aunque todav\u00eda las remuneraciones y prestaciones se mantienen inestables.&nbsp;<\/p>\n\n\n\n<p>Durante este segundo mes del a\u00f1o el personal ocupado en la manufactura\u00a0creci\u00f3 2.8% en comparaci\u00f3n con febrero del 2021,\u00a0de acuerdo con cifras desestacionalizadas del Inegi (Instituto Nacional de Estad\u00edstica y Geograf\u00eda). Con este avance, el \u00edndice que eval\u00faa la tendencia de empleo en este sector alcanz\u00f3 su mejor nivel desde que se tienen registros (2007).\u00a0<\/p>\n\n\n\n<p>El incremento en el&nbsp;<strong>personal ocupado<\/strong>&nbsp;implic\u00f3 el ingreso laboral tanto&nbsp;de empleados como de obreros. El total de empleados creci\u00f3 2.5%, y el total de obreros trep\u00f3 2.8 por ciento.<\/p>\n\n\n\n<p>La industria de producci\u00f3n de&nbsp;<strong>maquinaria y equipo<\/strong>&nbsp;y las<strong>&nbsp;industrias met\u00e1licas&nbsp;<\/strong>b\u00e1sicas lideraron los crecimientos registrados durante este segundo mes del 2022, con avances de 8.6 y 8.4% respectivamente.&nbsp;<\/p>\n\n\n\n<p>Otras industrias\u00a0que reportaron crecimientos importantes en su nivel de trabajadores fueron la industria de impresi\u00f3n e industrias conexas (6.4%), la industria de producci\u00f3n de equipo de computaci\u00f3n, medici\u00f3n, componentes y otros electr\u00f3nicos (6.2%) y la industria textil que no incluye prendas de vestir (5.8 por ciento).\u00a0<\/p>\n\n\n\n<h2 class=\"wp-block-heading\">Condiciones labores, el matiz<\/h2>\n\n\n\n<p>Pese a que el nivel de&nbsp;<strong>empleo<\/strong>, observado a trav\u00e9s del \u00edndice de personal ocupado total, se encuentra en su pico m\u00e1s alto, los matices se reflejan en la calidad de los empleos, observada en los \u00edndices de horas trabajadas y remuneraciones promedio.&nbsp;<\/p>\n\n\n\n<p>Durante la reactivaci\u00f3n pospandemia, el sector ha reflejado inestabilidad en cuanto a los salarios, sueldos y prestaciones, al mismo tiempo que las<strong>&nbsp;jornadas laborales<\/strong>&nbsp;crecen.&nbsp;<\/p>\n\n\n\n<p>En febrero del 2022, la jornada\u00a0promedio que trabaj\u00f3 un obrero manufacturo\u00a0incrementaron 3.5% y la jornada promedio de un empleado del sector creci\u00f3 4.0%, en sus comparaciones con el mismo mes del 2021.<\/p>\n\n\n\n<p>Por un lado, el salario promedio percibido por los obreros increment\u00f3 2.0%, por otro lado, el sueldo promedio percibido por los empleados se contrajo 2.8 por ciento. Y las&nbsp;<strong>prestaciones sociales<\/strong>&nbsp;otorgadas tanto a obreros como a empleados cayeron 1.5 por ciento.&nbsp;<\/p>\n\n\n\n<p>Aunque la<strong>\u00a0industria manufacturera<\/strong>\u00a0fue una de las primeras en reactivar sus operaciones despu\u00e9s de los cierres por la Covid-19, tambi\u00e9n ha enfrentado algunos obst\u00e1culos relacionados principalmente con factores externos, como la escasez de materias primas y las trabas en las cadenas globales de suministro. Pese a ello, las actividades industriales han impulsado el nivel general de actividad econ\u00f3mica, con un mejor dinamismo que el sector terciario (comercio y servicios).<\/p>\n","protected":false},"excerpt":{"rendered":"<p>El&nbsp;mercado laboral&nbsp;de&nbsp;la industria manufacturera, una de las m\u00e1s importantes en M\u00e9xico, ya dio la vuelta a la crisis Covid-19 y ya registr\u00f3 en febrero del 2022&nbsp;su mejor nivel en materia de personal ocupado, aunque todav\u00eda las remuneraciones y prestaciones se mantienen inestables.&nbsp; Durante este segundo mes del a\u00f1o el personal ocupado en la manufactura\u00a0creci\u00f3 2.8% [&hellip;]<\/p>\n","protected":false},"author":4,"featured_media":5780,"comment_status":"open","ping_status":"open","sticky":false,"template":"","format":"standard","meta":{"om_disable_all_campaigns":false,"_monsterinsights_skip_tracking":false,"_monsterinsights_sitenote_active":false,"_monsterinsights_sitenote_note":"","_monsterinsights_sitenote_category":0,"footnotes":""},"categories":[176],"tags":[29],"class_list":["post-5779","post","type-post","status-publish","format-standard","has-post-thumbnail","hentry","category-nacional","tag-business"],"amp_enabled":true,"_links":{"self":[{"href":"https:\/\/lahora.mx\/index.php\/wp-json\/wp\/v2\/posts\/5779","targetHints":{"allow":["GET"]}}],"collection":[{"href":"https:\/\/lahora.mx\/index.php\/wp-json\/wp\/v2\/posts"}],"about":[{"href":"https:\/\/lahora.mx\/index.php\/wp-json\/wp\/v2\/types\/post"}],"author":[{"embeddable":true,"href":"https:\/\/lahora.mx\/index.php\/wp-json\/wp\/v2\/users\/4"}],"replies":[{"embeddable":true,"href":"https:\/\/lahora.mx\/index.php\/wp-json\/wp\/v2\/comments?post=5779"}],"version-history":[{"count":1,"href":"https:\/\/lahora.mx\/index.php\/wp-json\/wp\/v2\/posts\/5779\/revisions"}],"predecessor-version":[{"id":5781,"href":"https:\/\/lahora.mx\/index.php\/wp-json\/wp\/v2\/posts\/5779\/revisions\/5781"}],"wp:featuredmedia":[{"embeddable":true,"href":"https:\/\/lahora.mx\/index.php\/wp-json\/wp\/v2\/media\/5780"}],"wp:attachment":[{"href":"https:\/\/lahora.mx\/index.php\/wp-json\/wp\/v2\/media?parent=5779"}],"wp:term":[{"taxonomy":"category","embeddable":true,"href":"https:\/\/lahora.mx\/index.php\/wp-json\/wp\/v2\/categories?post=5779"},{"taxonomy":"post_tag","embeddable":true,"href":"https:\/\/lahora.mx\/index.php\/wp-json\/wp\/v2\/tags?post=5779"}],"curies":[{"name":"wp","href":"https:\/\/api.w.org\/{rel}","templated":true}]}}