{"id":5775,"date":"2022-04-20T23:38:36","date_gmt":"2022-04-20T23:38:36","guid":{"rendered":"http:\/\/lahora.mx\/?p=5775"},"modified":"2022-04-20T23:38:37","modified_gmt":"2022-04-20T23:38:37","slug":"sheinbaum-apoya-campana-para-exhibir-a-legisladores-que-votaron-contra-reforma-electrica","status":"publish","type":"post","link":"https:\/\/lahora.mx\/index.php\/2022\/04\/20\/sheinbaum-apoya-campana-para-exhibir-a-legisladores-que-votaron-contra-reforma-electrica\/","title":{"rendered":"Sheinbaum apoya campa\u00f1a para exhibir a legisladores que votaron contra Reforma El\u00e9ctrica"},"content":{"rendered":"\n<p>La Jefa de Gobierno de la Ciudad de M\u00e9xico, Claudia Sheinbaum, se encuentra a favor de la campa\u00f1a de Morena de exhibir a los legisladores que votaron en contra de la\u00a0<strong>Reforma El\u00e9ctrica<\/strong>, ya que son traidores a la patria, dijo.\u00a0<br><\/p>\n\n\n\n<p>Son traidores a la patria, el tema aqu\u00ed es que no se vot\u00f3 cualquier cosa en el Congreso de la Uni\u00f3n, la decisi\u00f3n de los legisladores fue sigues apoyando a las empresas trasnacionales o apoyas la soberan\u00eda nacional\u2026lo que el presidente \u00a0plante\u00f3 fue que se mantenga el 54% de la generaci\u00f3n de electricidad de CFE y el 46% de las privadas\u201d, coment\u00f3 en conferencia de prensa.\u00a0<\/p>\n\n\n\n<p>Asegur\u00f3 que la decisi\u00f3n de algunos legisladores fue fortalecer la presencia de empresas trasnacionales frente a la soberan\u00eda nacional para resarcir el da\u00f1o que provoco la Reforma El\u00e9ctrica del 2013, y sin afectar a los privados, \u201cpor lo que, si es una traici\u00f3n al desarrollo nacional, a la patria y a la naci\u00f3n\u201d.&nbsp;<\/p>\n\n\n\n<p>\u201c(\u2026) (la campa\u00f1a) es un asunto de se\u00f1alar que voto que y por qu\u00e9, no tiene nada que ver con un asunto de violencia sino sencillamente mostrar quien voto y por qu\u00e9, eso le corresponde a un partido pol\u00edtico\u201d.\u00a0<br><\/p>\n\n\n\n<p>No obstante, Sheinbaum se\u00f1al\u00f3, que, junto con el resto de los gobernadores, felicitan a los legisladores nacionalistas por la aprobaci\u00f3n de la Ley Minera\u00a0donde se recupera el\u00a0<strong>litio\u00a0<\/strong>como un mineral estrat\u00e9gico, cuya explotaci\u00f3n solo lo puede hacer un organismo descentralizado del Gobierno de M\u00e9xico.\u00a0PUBLICIDAD<br>A trav\u00e9s de una carta firmada, Claudia Sheinbaum y 17 gobernadores m\u00e1s de la 4T celebraron la \u201chist\u00f3rica aprobaci\u00f3n\u201d de la Ley Minera, y se resalta que el litio es un mineral estrat\u00e9gico para la transici\u00f3n energ\u00e9tica, as\u00ed como el desarrollo nacional, por lo que calificaron la aprobaci\u00f3n como ben\u00e9fica para el pa\u00eds.<br>\u00a0<\/p>\n\n\n\n<p>Asimismo, celebraron que con las reformas a la ley, ser\u00e1n los mexicanos quienes se beneficien de la explotaci\u00f3n\u00a0de este mineral y no \u201clas grandes empresas trasnacionales\u201d.<\/p>\n\n\n\n<p>Ayer, en sesi\u00f3n, diputados de\u00a0Morena\u00a0y del\u00a0PT\u00a0aprovecharon\u00a0para exhibir en el pleno los rostros de los coordinadores parlamentarios del\u00a0PRI,\u00a0PAN,\u00a0PRD\u00a0Y\u00a0MC, quienes lideraron los votos en contra de la reforma el\u00e9ctrica. <\/p>\n\n\n\n<p>\u00abLa historia nos va a juzgar y nos va a alcanzar, porque en este momento ya saben qui\u00e9nes est\u00e1n del lado de los pobres y qui\u00e9nes son los que defienden a los que se han robado la riqueza del pueblo y de los mexicanos\u201d, denunci\u00f3 el legislador de Morena,&nbsp;Jos\u00e9 Guadalupe Ambrocio.<\/p>\n\n\n\n<p>Desde su curul, otros diputados de las bancadas de Morena y aliados, comenzaron a gritar: \u00abBola de Traidores\u00bb<\/p>\n\n\n\n<p>La noche del domingo 17 de abril, diputados de oposici\u00f3n rechazaron la reforma energ\u00e9tica\u00a0\u00a0del Presidente\u00a0Andr\u00e9s Manuel L\u00f3pez Obrador. Se trata de la primera vez que se da marcha atr\u00e1s a una iniciativa respaldada por\u00a0Morena\u00a0y sus aliados. Las bancadas del PRI, PAN, PRD, y MC evitaron que el grupo mayoritario alcanzara los<strong>\u00a0333 votos\u00a0<\/strong>necesarios para avalarla, y amagaron con batear las otras reformas constitucionales (electoral y a la Guardia Nacional) que anunci\u00f3 el Ejecutivo \u201csi contin\u00faan con esa actitud soberbia\u201d.<\/p>\n\n\n\n<p>La propuesta fue desechada por&nbsp;<strong>275&nbsp;a favor,&nbsp;pero 223&nbsp;votos en contra<\/strong>. El a\u00fan priista Carlos Miguel Aysa sufrag\u00f3 a favor, mientras que el diputado del PVEM, Andr\u00e9s Pintos Caballero, lo hizo en contra. Adem\u00e1s, hubo una ausencia de la perredista Laura Fern\u00e1ndez quien pidi\u00f3 licencia para competir por la gubernatura de Quintana Roo y no cuenta con suplente.<\/p>\n","protected":false},"excerpt":{"rendered":"<p>La Jefa de Gobierno de la Ciudad de M\u00e9xico, Claudia Sheinbaum, se encuentra a favor de la campa\u00f1a de Morena de exhibir a los legisladores que votaron en contra de la\u00a0Reforma El\u00e9ctrica, ya que son traidores a la patria, dijo.\u00a0 Son traidores a la patria, el tema aqu\u00ed es que no se vot\u00f3 cualquier cosa [&hellip;]<\/p>\n","protected":false},"author":4,"featured_media":5777,"comment_status":"open","ping_status":"open","sticky":false,"template":"","format":"standard","meta":{"om_disable_all_campaigns":false,"_monsterinsights_skip_tracking":false,"_monsterinsights_sitenote_active":false,"_monsterinsights_sitenote_note":"","_monsterinsights_sitenote_category":0,"footnotes":""},"categories":[175,176],"tags":[195],"class_list":["post-5775","post","type-post","status-publish","format-standard","has-post-thumbnail","hentry","category-local","category-nacional","tag-principal"],"amp_enabled":true,"_links":{"self":[{"href":"https:\/\/lahora.mx\/index.php\/wp-json\/wp\/v2\/posts\/5775","targetHints":{"allow":["GET"]}}],"collection":[{"href":"https:\/\/lahora.mx\/index.php\/wp-json\/wp\/v2\/posts"}],"about":[{"href":"https:\/\/lahora.mx\/index.php\/wp-json\/wp\/v2\/types\/post"}],"author":[{"embeddable":true,"href":"https:\/\/lahora.mx\/index.php\/wp-json\/wp\/v2\/users\/4"}],"replies":[{"embeddable":true,"href":"https:\/\/lahora.mx\/index.php\/wp-json\/wp\/v2\/comments?post=5775"}],"version-history":[{"count":1,"href":"https:\/\/lahora.mx\/index.php\/wp-json\/wp\/v2\/posts\/5775\/revisions"}],"predecessor-version":[{"id":5778,"href":"https:\/\/lahora.mx\/index.php\/wp-json\/wp\/v2\/posts\/5775\/revisions\/5778"}],"wp:featuredmedia":[{"embeddable":true,"href":"https:\/\/lahora.mx\/index.php\/wp-json\/wp\/v2\/media\/5777"}],"wp:attachment":[{"href":"https:\/\/lahora.mx\/index.php\/wp-json\/wp\/v2\/media?parent=5775"}],"wp:term":[{"taxonomy":"category","embeddable":true,"href":"https:\/\/lahora.mx\/index.php\/wp-json\/wp\/v2\/categories?post=5775"},{"taxonomy":"post_tag","embeddable":true,"href":"https:\/\/lahora.mx\/index.php\/wp-json\/wp\/v2\/tags?post=5775"}],"curies":[{"name":"wp","href":"https:\/\/api.w.org\/{rel}","templated":true}]}}