{"id":57698,"date":"2025-01-21T18:01:03","date_gmt":"2025-01-21T18:01:03","guid":{"rendered":"https:\/\/lahora.mx\/?p=57698"},"modified":"2025-01-21T18:01:03","modified_gmt":"2025-01-21T18:01:03","slug":"armenta-busca-que-gobierno-rente-casas-para-que-vivan-poblanos-deportados","status":"publish","type":"post","link":"https:\/\/lahora.mx\/index.php\/2025\/01\/21\/armenta-busca-que-gobierno-rente-casas-para-que-vivan-poblanos-deportados\/","title":{"rendered":"Armenta busca que gobierno rente casas para que vivan poblanos deportados"},"content":{"rendered":"\n<p>El gobernador\u00a0<strong>Alejandro Armenta Mier<\/strong>\u00a0prev\u00e9 rentar casas para que las ocupen los\u00a0migrantes que sean deportados a Puebla, adem\u00e1s de ofrecerles\u00a0<strong>dos mil empleos formales<\/strong>.<\/p>\n\n\n\n<p>En entrevista este martes el titular del Ejecutivo estatal asegur\u00f3 que desde el&nbsp;<strong>Gobierno Federal<\/strong>&nbsp;y&nbsp;<strong>Estatal<\/strong>&nbsp;se planean estrategias en apoyo a los posibles&nbsp;<strong>migrantes deportados<\/strong>.<\/p>\n\n\n\n<p>Respecto a los poblanos que regresen a&nbsp;<strong>Puebla<\/strong>, asegur\u00f3 que hay una propuesta para atenderlos y recibirlos que consiste en&nbsp;<strong>otorgarles casas<\/strong>&nbsp;desocupadas, mismas que su gobierno rentar\u00eda por ellos.<\/p>\n\n\n\n<p>Esta propuesta, dijo,\u00a0<strong>la abordar\u00e1 esta tarde\u00a0<\/strong>con su equipo y miembros de gabinete de econom\u00eda y el \u00e1rea de vivienda.<br>Otra de las alternativas es ofrecer a los poblanos\u00a0deportados de Estados Unidos uno de los\u00a0<strong>dos mil empleos formales\u00a0<\/strong>que se tienen disponibles, a fin de que laboren con normalidad.<\/p>\n\n\n\n<p>\u201cEstar\u00edamos en la posibilidad de\u00a0<strong>rentar casas<\/strong>, de las que est\u00e1n desocupadas, y poderles ofrecer empleo, tenemos m\u00e1s de\u00a0<strong>dos mil plazas disponibles<\/strong>, empleos formales, para poder atender a trabajadores en Puebla\u201d, coment\u00f3 el pol\u00edtico poblano.<br>Respecto al&nbsp;<strong>Gobierno Federal<\/strong>, una de las estrategias es hacer validos los convenios que logr\u00f3 la presidenta&nbsp;<strong>Claudias Sheinbaum Pardo<\/strong>&nbsp;con otros pa\u00edses a fin de que ellos reciban a sus&nbsp;<strong>migrantes deportados<\/strong>.<\/p>\n\n\n\n<p>Esto porque el gobierno de\u00a0<strong>Estados Unidos<\/strong>, que encabeza\u00a0Donald Trump, advirti\u00f3 que no solo mexicanos ser\u00edan\u00a0<strong>deportados<\/strong>, sino que tambi\u00e9n pasar\u00e1 con personas de\u00a0<strong>Centro y Sur Am\u00e9rica<\/strong>.<\/p>\n\n\n\n<h2 class=\"wp-block-heading\"><strong>En Estados Unidos habr\u00e1 problemas por deportaci\u00f3n de poblanos: Armenta<\/strong><\/h2>\n\n\n\n<p>Alejandro Armenta asegur\u00f3 que en\u00a0<strong>Puebla<\/strong>\u00a0existe un gran respeto por los\u00a0<strong>derechos humanos<\/strong>\u00a0hacia los migrantes y que su gobierno y administraci\u00f3n est\u00e1 dispuestos a apoyarlos en todo momento.<br>Asegur\u00f3 que en&nbsp;<strong>Estados Unidos<\/strong>&nbsp;habr\u00e1 problemas cuando deporten a los&nbsp;<strong>migrantes indocumentados<\/strong>, ya que son quienes d\u00eda a d\u00eda trabajan en empleos que los ciudadanos no quieren realizar.<\/p>\n\n\n\n<p>\u201cA los funcionarios del gobierno federal (de&nbsp;<strong>Estados Unidos<\/strong>) no los veo trabajar en los campos agr\u00edcolas, ni de chefs\u201d, critic\u00f3 el morenista.<\/p>\n\n\n\n<p>La estad\u00edstica migratoria muestra que en los \u00faltimos ocho a\u00f1os&nbsp;<strong>Estados Unidos<\/strong>&nbsp;deport\u00f3 105 mil 740 poblanos, el 60 por ciento de los paisanos fueron expulsados en el mandato del expresidente dem\u00f3crata&nbsp;<strong>Joe Biden<\/strong>.&nbsp;<\/p>\n","protected":false},"excerpt":{"rendered":"<p>El gobernador\u00a0Alejandro Armenta Mier\u00a0prev\u00e9 rentar casas para que las ocupen los\u00a0migrantes que sean deportados a Puebla, adem\u00e1s de ofrecerles\u00a0dos mil empleos formales. En entrevista este martes el titular del Ejecutivo estatal asegur\u00f3 que desde el&nbsp;Gobierno Federal&nbsp;y&nbsp;Estatal&nbsp;se planean estrategias en apoyo a los posibles&nbsp;migrantes deportados. Respecto a los poblanos que regresen a&nbsp;Puebla, asegur\u00f3 que hay una [&hellip;]<\/p>\n","protected":false},"author":4,"featured_media":57699,"comment_status":"open","ping_status":"open","sticky":false,"template":"","format":"standard","meta":{"om_disable_all_campaigns":false,"_monsterinsights_skip_tracking":false,"_monsterinsights_sitenote_active":false,"_monsterinsights_sitenote_note":"","_monsterinsights_sitenote_category":0,"footnotes":""},"categories":[175],"tags":[195,223],"class_list":["post-57698","post","type-post","status-publish","format-standard","has-post-thumbnail","hentry","category-local","tag-principal","tag-puebla"],"amp_enabled":true,"_links":{"self":[{"href":"https:\/\/lahora.mx\/index.php\/wp-json\/wp\/v2\/posts\/57698","targetHints":{"allow":["GET"]}}],"collection":[{"href":"https:\/\/lahora.mx\/index.php\/wp-json\/wp\/v2\/posts"}],"about":[{"href":"https:\/\/lahora.mx\/index.php\/wp-json\/wp\/v2\/types\/post"}],"author":[{"embeddable":true,"href":"https:\/\/lahora.mx\/index.php\/wp-json\/wp\/v2\/users\/4"}],"replies":[{"embeddable":true,"href":"https:\/\/lahora.mx\/index.php\/wp-json\/wp\/v2\/comments?post=57698"}],"version-history":[{"count":1,"href":"https:\/\/lahora.mx\/index.php\/wp-json\/wp\/v2\/posts\/57698\/revisions"}],"predecessor-version":[{"id":57700,"href":"https:\/\/lahora.mx\/index.php\/wp-json\/wp\/v2\/posts\/57698\/revisions\/57700"}],"wp:featuredmedia":[{"embeddable":true,"href":"https:\/\/lahora.mx\/index.php\/wp-json\/wp\/v2\/media\/57699"}],"wp:attachment":[{"href":"https:\/\/lahora.mx\/index.php\/wp-json\/wp\/v2\/media?parent=57698"}],"wp:term":[{"taxonomy":"category","embeddable":true,"href":"https:\/\/lahora.mx\/index.php\/wp-json\/wp\/v2\/categories?post=57698"},{"taxonomy":"post_tag","embeddable":true,"href":"https:\/\/lahora.mx\/index.php\/wp-json\/wp\/v2\/tags?post=57698"}],"curies":[{"name":"wp","href":"https:\/\/api.w.org\/{rel}","templated":true}]}}