{"id":5765,"date":"2022-04-20T21:15:24","date_gmt":"2022-04-20T21:15:24","guid":{"rendered":"http:\/\/lahora.mx\/?p=5765"},"modified":"2022-04-20T21:15:24","modified_gmt":"2022-04-20T21:15:24","slug":"justicia-por-multihomicidio-en-huejotzingo-2-anos-despues","status":"publish","type":"post","link":"https:\/\/lahora.mx\/index.php\/2022\/04\/20\/justicia-por-multihomicidio-en-huejotzingo-2-anos-despues\/","title":{"rendered":"Justicia por multihomicidio en Huejotzingo 2 a\u00f1os despu\u00e9s"},"content":{"rendered":"\n<p><strong>Pablo de Jes\u00fas, de 43 a\u00f1os; \u00c1ngel, de 23 a\u00f1os y Lisset, de 22 a\u00f1os de edad,&nbsp;<\/strong>fueron declarados culpables de robar y&nbsp;<strong>matar a tres estudiantes y el conductor de Uber<\/strong>&nbsp;que los regresaba del carnaval de Huejotzingo en febrero de 2020.<\/p>\n\n\n\n<p>Este d\u00eda la familia los estudiantes:&nbsp;<strong>Ximena Quijano Hern\u00e1ndez, de 25 a\u00f1os y Jos\u00e9 Antonio Parada Cerpa de 22<\/strong>, originarios de Colombia, as\u00ed como de&nbsp;<strong>Francisco Javier Tirado M\u00e1rquez<\/strong>, de 22, originario de Veracruz, acompa\u00f1ados de su asesor jur\u00eddico, Ricardo Fern\u00e1ndez Fuentes, ofrecieron una rueda de prensa para dar a conocer el fallo emitido por el Tribunal Superior de Justicia (TSJ).<\/p>\n\n\n\n<p>El Tribunal de Enjuiciamiento\u00a0<strong>declar\u00f3 culpables a los tres detenidos<\/strong>\u00a0que present\u00f3 la Fiscal\u00eda General del Estado (FGE) por el multihomicidio que conmocion\u00f3 a todo el pa\u00eds y provoc\u00f3 la \u00ab<strong>mega marcha\u00bb estudiantil para exigir justicia.<\/strong><br><\/p>\n\n\n\n<p>La mam\u00e1 de Antonio Parada Cerpa sentenci\u00f3 que&nbsp;<strong>no hay duda de que Pablo, \u00c1ngel y Lisset&nbsp;<\/strong>asaltaron a los j\u00f3venes, los tuvieron retenidos, los golpearon y finalmente mataron.<\/p>\n\n\n\n<p>\u00abEl resumen es que a nuestros hijos nos los asaltaron en un veh\u00edculo, nos los secuestraron, nos los golpearon, nos los asesinaron y despu\u00e9s fueron y los tiraron como si fueran basura en un lugar alejado de Huejotzingo. Eso, digamos, es la conclusi\u00f3n de todas las pruebas (&#8230;) uno siempre tiene la duda de que si las personas detenidas son o no (los responsables) y s\u00ed son\u00bb.<br>Ser\u00e1 el pr\u00f3ximo martes cuando el Tribunal individualice la pena de los asesinos, dependiendo del grado de participaci\u00f3n, aunque el abogado adelant\u00f3 que todos lo hicieron con dolo y de forma directa, por lo que la pena puede llegar hasta los 75 a\u00f1os para cada uno, por diversas agravantes.<br>Respecto a la participaci\u00f3n de m\u00e1s implicados, Fern\u00e1ndez Fuentes mencion\u00f3 que la Fiscal\u00eda General del Estado no tiene ning\u00fan indicio que involucre a otras personas, esto a pesar de que la propia dependencia detuvo a Felipe N alias \u00abEl Pirul\u00ed\u00bb y lo present\u00f3 como l\u00edder de la banda que mat\u00f3 a los cuatro j\u00f3venes.<br><\/p>\n\n\n\n<p>Sin embargo, el abogado particular de los condenados s\u00ed mencion\u00f3 que no solo participaron estas tres personas.<br>Por \u00faltimo, las familias lamentaron que durante el desahogo de las audiencias, uno de los detenidos se estuvo burlando y lleg\u00f3 a retarlos con la mirada.<\/p>\n","protected":false},"excerpt":{"rendered":"<p>Pablo de Jes\u00fas, de 43 a\u00f1os; \u00c1ngel, de 23 a\u00f1os y Lisset, de 22 a\u00f1os de edad,&nbsp;fueron declarados culpables de robar y&nbsp;matar a tres estudiantes y el conductor de Uber&nbsp;que los regresaba del carnaval de Huejotzingo en febrero de 2020. Este d\u00eda la familia los estudiantes:&nbsp;Ximena Quijano Hern\u00e1ndez, de 25 a\u00f1os y Jos\u00e9 Antonio Parada [&hellip;]<\/p>\n","protected":false},"author":4,"featured_media":5766,"comment_status":"open","ping_status":"open","sticky":false,"template":"","format":"standard","meta":{"om_disable_all_campaigns":false,"_monsterinsights_skip_tracking":false,"_monsterinsights_sitenote_active":false,"_monsterinsights_sitenote_note":"","_monsterinsights_sitenote_category":0,"footnotes":""},"categories":[175],"tags":[223],"class_list":["post-5765","post","type-post","status-publish","format-standard","has-post-thumbnail","hentry","category-local","tag-puebla"],"amp_enabled":true,"_links":{"self":[{"href":"https:\/\/lahora.mx\/index.php\/wp-json\/wp\/v2\/posts\/5765","targetHints":{"allow":["GET"]}}],"collection":[{"href":"https:\/\/lahora.mx\/index.php\/wp-json\/wp\/v2\/posts"}],"about":[{"href":"https:\/\/lahora.mx\/index.php\/wp-json\/wp\/v2\/types\/post"}],"author":[{"embeddable":true,"href":"https:\/\/lahora.mx\/index.php\/wp-json\/wp\/v2\/users\/4"}],"replies":[{"embeddable":true,"href":"https:\/\/lahora.mx\/index.php\/wp-json\/wp\/v2\/comments?post=5765"}],"version-history":[{"count":1,"href":"https:\/\/lahora.mx\/index.php\/wp-json\/wp\/v2\/posts\/5765\/revisions"}],"predecessor-version":[{"id":5767,"href":"https:\/\/lahora.mx\/index.php\/wp-json\/wp\/v2\/posts\/5765\/revisions\/5767"}],"wp:featuredmedia":[{"embeddable":true,"href":"https:\/\/lahora.mx\/index.php\/wp-json\/wp\/v2\/media\/5766"}],"wp:attachment":[{"href":"https:\/\/lahora.mx\/index.php\/wp-json\/wp\/v2\/media?parent=5765"}],"wp:term":[{"taxonomy":"category","embeddable":true,"href":"https:\/\/lahora.mx\/index.php\/wp-json\/wp\/v2\/categories?post=5765"},{"taxonomy":"post_tag","embeddable":true,"href":"https:\/\/lahora.mx\/index.php\/wp-json\/wp\/v2\/tags?post=5765"}],"curies":[{"name":"wp","href":"https:\/\/api.w.org\/{rel}","templated":true}]}}