{"id":5756,"date":"2022-04-20T20:39:06","date_gmt":"2022-04-20T20:39:06","guid":{"rendered":"http:\/\/lahora.mx\/?p=5756"},"modified":"2022-04-20T20:39:07","modified_gmt":"2022-04-20T20:39:07","slug":"marcha-lgbttti-en-puebla","status":"publish","type":"post","link":"https:\/\/lahora.mx\/index.php\/2022\/04\/20\/marcha-lgbttti-en-puebla\/","title":{"rendered":"Marcha LGBTTTI en Puebla"},"content":{"rendered":"\n<p>Despu\u00e9s de una pausa de dos a\u00f1os a causa del Covid-19, la&nbsp;<strong>Asociaci\u00f3n para la Protecci\u00f3n de la Pluralidad Sexual y Derechos Humanos (APPS)<\/strong>&nbsp;organizar\u00e1 la&nbsp;<strong>Marcha del Orgullo LGBTTTI<\/strong>&nbsp;en Puebla que<strong>&nbsp;se realizar\u00e1 el 18 de junio,<\/strong>&nbsp;a la 15:00 horas.<\/p>\n\n\n\n<p>Se se\u00f1al\u00f3 que el tema de este 2022 es&nbsp;<strong>\u201cInclusi\u00f3n para las Diversidades\u201d, con dedicaci\u00f3n especial a las personas con discapacidad&nbsp;<\/strong>de la poblaci\u00f3n de la diversidad sexual, y que el punto de encuentro ser\u00e1 en el&nbsp;<strong>Parque Ju\u00e1rez y culminar\u00e1 en el z\u00f3calo de la capital&nbsp;<\/strong>de esta entidad.<br><\/p>\n\n\n\n<p>Las movilizaciones de este colectivo fueron eliminados desde 2020 y remplazadas por actividades virtuales, as\u00ed como concentraci\u00f3n de un grupo reducido de personas para extender la bandera en la plancha del z\u00f3calo.<\/p>\n\n\n\n<p>Sobre la marcha de este a\u00f1o, dijeron que anunciar\u00e1n otros detalles como los protocolos de seguridad con anticipaci\u00f3n al evento.<\/p>\n\n\n\n<h2 class=\"wp-block-heading\"><strong>GOBIERNO MUNICIPAL DISCRIMINA A LA COMUNIDAD<\/strong><\/h2>\n\n\n\n<p>Mar\u00eda Jos\u00e9 Serrano, una de los organizadores de este evento, acus\u00f3 al Ayuntamiento de Puebla de discriminaci\u00f3n, ya que al solicitar art\u00edculos para las actividades se les negaron.<\/p>\n\n\n\n<p><strong>\u201cCreemos que el presidente municipal no sabe de las circunstancias que se suscitaron por parte de Bernardo Arrubarrena, que cuando le pedimos un templete, su respuesta fue que nos pod\u00edan dar una bocina pero si nos mov\u00edamos al Paseo Bravo\u201d<\/strong><\/p>\n\n\n\n<p>Ante esta respuesta, dijo que acudieron a la Secretar\u00eda de Gobernaci\u00f3n, quienes les permitieron ocupar el z\u00f3calo, pero no les dieron art\u00edculos.<\/p>\n\n\n\n<p>\u201cMe dio mucha tristeza, no me hab\u00eda sentido tan discriminada, ni cuando empez\u00f3 APPS nos hab\u00edan dado una respuesta as\u00ed\u201d, extern\u00f3.<\/p>\n\n\n\n<p>En este sentido, solicit\u00f3 al presidente municipal de Puebla brindar facilidades para la realizaci\u00f3n de la marcha.<\/p>\n\n\n\n<h2 class=\"wp-block-heading\"><strong>MARCHAS LGBTTTI EN MUNICIPIOS DE PUEBLA<\/strong><\/h2>\n\n\n\n<p>Serrano coment\u00f3 que en seis municipios, Iz\u00facar de Matamoros, San Mart\u00edn Texmelucan, Tehuac\u00e1n, San Salvador el Seco, Ciudad Serd\u00e1n y Teziutl\u00e1n, tambi\u00e9n se realizar\u00e1n movilizaciones, pues precis\u00f3 que es importante visibilizar a la comunidad LGBT+ ya que es fuera de la capital donde persiste la discriminaci\u00f3n.<br><\/p>\n\n\n\n<h3 class=\"wp-block-heading\">San Mart\u00edn Texmelucan: 11 de mayo<\/h3>\n\n\n\n<h3 class=\"wp-block-heading\">Iz\u00facar de Matamoros: 21 de mayo<\/h3>\n\n\n\n<h3 class=\"wp-block-heading\">Teziutl\u00e1n: 4 de junio<\/h3>\n\n\n\n<h3 class=\"wp-block-heading\">Ciudad Serd\u00e1n: 11 de junio<\/h3>\n\n\n\n<h3 class=\"wp-block-heading\">Tehuac\u00e1n(virtual): 26 de junio<\/h3>\n\n\n\n<h3 class=\"wp-block-heading\">San Salvador El Seco: 2 de julio<\/h3>\n\n\n\n<p>En el evento tambi\u00e9n presentaron una pintura alusiva al tema, elaborada por el ilustrador poblano Joaqu\u00edn Garc\u00eda Anzures.<\/p>\n","protected":false},"excerpt":{"rendered":"<p>Despu\u00e9s de una pausa de dos a\u00f1os a causa del Covid-19, la&nbsp;Asociaci\u00f3n para la Protecci\u00f3n de la Pluralidad Sexual y Derechos Humanos (APPS)&nbsp;organizar\u00e1 la&nbsp;Marcha del Orgullo LGBTTTI&nbsp;en Puebla que&nbsp;se realizar\u00e1 el 18 de junio,&nbsp;a la 15:00 horas. Se se\u00f1al\u00f3 que el tema de este 2022 es&nbsp;\u201cInclusi\u00f3n para las Diversidades\u201d, con dedicaci\u00f3n especial a las personas [&hellip;]<\/p>\n","protected":false},"author":4,"featured_media":5757,"comment_status":"open","ping_status":"open","sticky":false,"template":"","format":"standard","meta":{"om_disable_all_campaigns":false,"_monsterinsights_skip_tracking":false,"_monsterinsights_sitenote_active":false,"_monsterinsights_sitenote_note":"","_monsterinsights_sitenote_category":0,"footnotes":""},"categories":[175],"tags":[195,223],"class_list":["post-5756","post","type-post","status-publish","format-standard","has-post-thumbnail","hentry","category-local","tag-principal","tag-puebla"],"amp_enabled":true,"_links":{"self":[{"href":"https:\/\/lahora.mx\/index.php\/wp-json\/wp\/v2\/posts\/5756","targetHints":{"allow":["GET"]}}],"collection":[{"href":"https:\/\/lahora.mx\/index.php\/wp-json\/wp\/v2\/posts"}],"about":[{"href":"https:\/\/lahora.mx\/index.php\/wp-json\/wp\/v2\/types\/post"}],"author":[{"embeddable":true,"href":"https:\/\/lahora.mx\/index.php\/wp-json\/wp\/v2\/users\/4"}],"replies":[{"embeddable":true,"href":"https:\/\/lahora.mx\/index.php\/wp-json\/wp\/v2\/comments?post=5756"}],"version-history":[{"count":1,"href":"https:\/\/lahora.mx\/index.php\/wp-json\/wp\/v2\/posts\/5756\/revisions"}],"predecessor-version":[{"id":5758,"href":"https:\/\/lahora.mx\/index.php\/wp-json\/wp\/v2\/posts\/5756\/revisions\/5758"}],"wp:featuredmedia":[{"embeddable":true,"href":"https:\/\/lahora.mx\/index.php\/wp-json\/wp\/v2\/media\/5757"}],"wp:attachment":[{"href":"https:\/\/lahora.mx\/index.php\/wp-json\/wp\/v2\/media?parent=5756"}],"wp:term":[{"taxonomy":"category","embeddable":true,"href":"https:\/\/lahora.mx\/index.php\/wp-json\/wp\/v2\/categories?post=5756"},{"taxonomy":"post_tag","embeddable":true,"href":"https:\/\/lahora.mx\/index.php\/wp-json\/wp\/v2\/tags?post=5756"}],"curies":[{"name":"wp","href":"https:\/\/api.w.org\/{rel}","templated":true}]}}