{"id":57551,"date":"2025-01-17T01:01:19","date_gmt":"2025-01-17T01:01:19","guid":{"rendered":"https:\/\/lahora.mx\/?p=57551"},"modified":"2025-01-17T01:01:19","modified_gmt":"2025-01-17T01:01:19","slug":"israel-ataca-a-gaza-tras-haberse-comprometido-a-un-cese-al-fuego","status":"publish","type":"post","link":"https:\/\/lahora.mx\/index.php\/2025\/01\/17\/israel-ataca-a-gaza-tras-haberse-comprometido-a-un-cese-al-fuego\/","title":{"rendered":"Israel ataca a Gaza tras haberse comprometido a un cese al fuego"},"content":{"rendered":"\n<p class=\"wp-block-paragraph\">El ej\u00e9rcito de Israel dijo que atac\u00f3 hoy jueves alrededor de 50 sitios en la&nbsp;<strong>Franja de Gaza<\/strong>, un d\u00eda despu\u00e9s de que se comprometi\u00f3 a un alto al fuego con&nbsp;<strong>Ham\u00e1s.<\/strong><\/p>\n\n\n\n<p class=\"wp-block-paragraph\">En un comunicado, el ej\u00e9rcito dijo que los ataques tuvieron como objetivo a un miliciano que particip\u00f3 en el ataque dirigido por Ham\u00e1s contra comunidades israel\u00edes en octubre de 2023. El miliciano&nbsp;<em>\u00abparticip\u00f3 en la masacre del Festival de M\u00fasica Nova\u00bb<\/em>, se\u00f1al\u00f3 el ej\u00e9rcito.<\/p>\n\n\n\n<p class=\"wp-block-paragraph\">Tambi\u00e9n atac\u00f3 otros complejos militares de Ham\u00e1s y de la&nbsp;<strong>Yihad Isl\u00e1mica<\/strong>, instalaciones de almacenamiento y fabricaci\u00f3n de armas, puestos de lanzamiento y puestos de observaci\u00f3n, de acuerdo con el comunicado.<\/p>\n\n\n\n<p class=\"wp-block-paragraph\">Mientras, el grupo miliciano reafirm\u00f3 su compromiso con un acuerdo de alto al fuego con Israel, horas despu\u00e9s de que funcionarios israel\u00edes acusaran al grupo miliciano palestino de intentar alterar los t\u00e9rminos del acuerdo en el \u00faltimo momento.<\/p>\n\n\n\n<p class=\"wp-block-paragraph\"><em>\u00abEstamos comprometidos con el acuerdo de alto al fuego anunciado por los mediadores\u00bb,<\/em>&nbsp;indic\u00f3 en un comunicado Izzat al-Rishq, alto cargo de Ham\u00e1s.<\/p>\n\n\n\n<p class=\"wp-block-paragraph\">Funcionarios israel\u00edes se\u00f1alaron que el Gabinete no se reunir\u00e1 sino hasta que los mediadores confirmen la aceptaci\u00f3n plena del acuerdo por parte de Hamas.<\/p>\n\n\n\n<p class=\"wp-block-paragraph\">La sesi\u00f3n del Gabinete israel\u00ed para ratificar el acuerdo ha sido pospuesta, de acuerdo con la radio p\u00fablica israel\u00ed. Los negociadores siguen en&nbsp;<strong>Doha<\/strong>, trabajando para finalizar la lista de prisioneros palestinos que ser\u00e1n liberados, incluso despu\u00e9s de que&nbsp;<strong>Qatar<\/strong>&nbsp;anunciara el mi\u00e9rcoles un acuerdo hist\u00f3rico.<\/p>\n","protected":false},"excerpt":{"rendered":"<p>El ej\u00e9rcito de Israel dijo que atac\u00f3 hoy jueves alrededor de 50 sitios en la&nbsp;Franja de Gaza, un d\u00eda despu\u00e9s de que se comprometi\u00f3 a un alto al fuego con&nbsp;Ham\u00e1s. En un comunicado, el ej\u00e9rcito dijo que los ataques tuvieron como objetivo a un miliciano que particip\u00f3 en el ataque dirigido por Ham\u00e1s contra comunidades [&hellip;]<\/p>\n","protected":false},"author":4,"featured_media":57552,"comment_status":"open","ping_status":"open","sticky":false,"template":"","format":"standard","meta":{"om_disable_all_campaigns":false,"_monsterinsights_skip_tracking":false,"footnotes":""},"categories":[183],"tags":[195],"class_list":["post-57551","post","type-post","status-publish","format-standard","has-post-thumbnail","hentry","category-internacional","tag-principal"],"amp_enabled":true,"_links":{"self":[{"href":"https:\/\/lahora.mx\/index.php\/wp-json\/wp\/v2\/posts\/57551","targetHints":{"allow":["GET"]}}],"collection":[{"href":"https:\/\/lahora.mx\/index.php\/wp-json\/wp\/v2\/posts"}],"about":[{"href":"https:\/\/lahora.mx\/index.php\/wp-json\/wp\/v2\/types\/post"}],"author":[{"embeddable":true,"href":"https:\/\/lahora.mx\/index.php\/wp-json\/wp\/v2\/users\/4"}],"replies":[{"embeddable":true,"href":"https:\/\/lahora.mx\/index.php\/wp-json\/wp\/v2\/comments?post=57551"}],"version-history":[{"count":1,"href":"https:\/\/lahora.mx\/index.php\/wp-json\/wp\/v2\/posts\/57551\/revisions"}],"predecessor-version":[{"id":57553,"href":"https:\/\/lahora.mx\/index.php\/wp-json\/wp\/v2\/posts\/57551\/revisions\/57553"}],"wp:featuredmedia":[{"embeddable":true,"href":"https:\/\/lahora.mx\/index.php\/wp-json\/wp\/v2\/media\/57552"}],"wp:attachment":[{"href":"https:\/\/lahora.mx\/index.php\/wp-json\/wp\/v2\/media?parent=57551"}],"wp:term":[{"taxonomy":"category","embeddable":true,"href":"https:\/\/lahora.mx\/index.php\/wp-json\/wp\/v2\/categories?post=57551"},{"taxonomy":"post_tag","embeddable":true,"href":"https:\/\/lahora.mx\/index.php\/wp-json\/wp\/v2\/tags?post=57551"}],"curies":[{"name":"wp","href":"https:\/\/api.w.org\/{rel}","templated":true}]}}