{"id":57541,"date":"2025-01-15T16:22:15","date_gmt":"2025-01-15T16:22:15","guid":{"rendered":"https:\/\/lahora.mx\/?p=57541"},"modified":"2025-01-16T16:23:31","modified_gmt":"2025-01-16T16:23:31","slug":"el-67-de-los-mexicanos-aprueban-el-trabajo-de-claudia-sheinbaum-en-sus-primeros-100-dias","status":"publish","type":"post","link":"https:\/\/lahora.mx\/index.php\/2025\/01\/15\/el-67-de-los-mexicanos-aprueban-el-trabajo-de-claudia-sheinbaum-en-sus-primeros-100-dias\/","title":{"rendered":"El 67% de los mexicanos aprueban el trabajo de Claudia Sheinbaum en sus primeros 100 d\u00edas"},"content":{"rendered":"\n<p>El 67% de los mexicanos aprueban el trabajo de Claudia Sheinbaum en sus primeros 100 d\u00edas de administraci\u00f3n, esto seg\u00fan la encuesta de Poligrama.<\/p>\n\n\n\n<p>Siete de cada diez ciudadanos destacan los programas sociales que benefician a grupos vulnerables. Seg\u00fan el estudio demosc\u00f3pico de Poligrama, ubica a los programas sociales como principal instrumento del gobierno de la investigadora de la UNAM, al ser avalados por siete de cada 10.<\/p>\n\n\n\n<p>La seguridad es el principal reto del gobierno.<\/p>\n\n\n\n<p><\/p>\n","protected":false},"excerpt":{"rendered":"<p>El 67% de los mexicanos aprueban el trabajo de Claudia Sheinbaum en sus primeros 100 d\u00edas de administraci\u00f3n, esto seg\u00fan la encuesta de Poligrama. Siete de cada diez ciudadanos destacan los programas sociales que benefician a grupos vulnerables. Seg\u00fan el estudio demosc\u00f3pico de Poligrama, ubica a los programas sociales como principal instrumento del gobierno de [&hellip;]<\/p>\n","protected":false},"author":4,"featured_media":57543,"comment_status":"open","ping_status":"open","sticky":false,"template":"","format":"standard","meta":{"om_disable_all_campaigns":false,"_monsterinsights_skip_tracking":false,"_monsterinsights_sitenote_active":false,"_monsterinsights_sitenote_note":"","_monsterinsights_sitenote_category":0,"footnotes":""},"categories":[176],"tags":[223],"class_list":["post-57541","post","type-post","status-publish","format-standard","has-post-thumbnail","hentry","category-nacional","tag-puebla"],"amp_enabled":true,"_links":{"self":[{"href":"https:\/\/lahora.mx\/index.php\/wp-json\/wp\/v2\/posts\/57541","targetHints":{"allow":["GET"]}}],"collection":[{"href":"https:\/\/lahora.mx\/index.php\/wp-json\/wp\/v2\/posts"}],"about":[{"href":"https:\/\/lahora.mx\/index.php\/wp-json\/wp\/v2\/types\/post"}],"author":[{"embeddable":true,"href":"https:\/\/lahora.mx\/index.php\/wp-json\/wp\/v2\/users\/4"}],"replies":[{"embeddable":true,"href":"https:\/\/lahora.mx\/index.php\/wp-json\/wp\/v2\/comments?post=57541"}],"version-history":[{"count":1,"href":"https:\/\/lahora.mx\/index.php\/wp-json\/wp\/v2\/posts\/57541\/revisions"}],"predecessor-version":[{"id":57544,"href":"https:\/\/lahora.mx\/index.php\/wp-json\/wp\/v2\/posts\/57541\/revisions\/57544"}],"wp:featuredmedia":[{"embeddable":true,"href":"https:\/\/lahora.mx\/index.php\/wp-json\/wp\/v2\/media\/57543"}],"wp:attachment":[{"href":"https:\/\/lahora.mx\/index.php\/wp-json\/wp\/v2\/media?parent=57541"}],"wp:term":[{"taxonomy":"category","embeddable":true,"href":"https:\/\/lahora.mx\/index.php\/wp-json\/wp\/v2\/categories?post=57541"},{"taxonomy":"post_tag","embeddable":true,"href":"https:\/\/lahora.mx\/index.php\/wp-json\/wp\/v2\/tags?post=57541"}],"curies":[{"name":"wp","href":"https:\/\/api.w.org\/{rel}","templated":true}]}}