{"id":57528,"date":"2025-01-16T16:04:18","date_gmt":"2025-01-16T16:04:18","guid":{"rendered":"https:\/\/lahora.mx\/?p=57528"},"modified":"2025-01-16T16:04:18","modified_gmt":"2025-01-16T16:04:18","slug":"papa-francisco-i-sufre-caida-en-su-residencia-del-vaticano","status":"publish","type":"post","link":"https:\/\/lahora.mx\/index.php\/2025\/01\/16\/papa-francisco-i-sufre-caida-en-su-residencia-del-vaticano\/","title":{"rendered":"Papa Francisco I sufre ca\u00edda en su residencia del Vaticano"},"content":{"rendered":"\n<p class=\"wp-block-paragraph\">El\u00a0<strong>papa Francisco I<\/strong>\u00a0sufri\u00f3 este jueves\u00a0<strong>una ca\u00edda<\/strong>\u00a0en la\u00a0<strong>Residencia de Santa Mar\u00eda<\/strong>, edificio contiguo a la Bas\u00edlica De San Pedro en la ciudad del\u00a0<strong>Vaticano<\/strong>.<\/p>\n\n\n\n<p class=\"wp-block-paragraph\">Debido al golpe el&nbsp;<strong>brazo derecho<\/strong>&nbsp;del santo padre fue inmovilizado; aunque&nbsp;<strong>no sufri\u00f3 fractura<\/strong>&nbsp;ni heridas mayores \u2014solo un hematoma\u2014 lo m\u00e9dicos optaron por&nbsp;<strong>inmovilizar la extremidad<\/strong>, inform\u00f3 la periodista&nbsp;<strong>Valentina Alazraki<\/strong>.<\/p>\n\n\n\n<p class=\"wp-block-paragraph\">La\u00a0<strong>ca\u00edda<\/strong>\u00a0que tuvo el papa Francisco I\u00a0el d\u00eda de hoy es la segunda en menos de un mes: el 7 de diciembre tambi\u00e9n se derrumb\u00f3 y\u00a0<strong>golpe\u00f3 su barbilla<\/strong>\u00a0con una mesa de centro.<br>As\u00ed lo inform\u00f3 el portavoz del vaticano,\u00a0<strong>Matteo Bruni<\/strong>, luego que el jefe del Estado Vaticano apareci\u00f3 ese mismo d\u00eda con un moret\u00f3n en el rostro.<\/p>\n\n\n\n<p class=\"wp-block-paragraph\">En aquella ocasi\u00f3n a pesar del golpe, el religioso de origen argentino continu\u00f3 con su agenda. Luego de su lesi\u00f3n de este jueves, el primado de Italia&nbsp;<strong>tambi\u00e9n continu\u00f3 con sus actividades planeadas<\/strong>.<\/p>\n\n\n\n<h2 class=\"wp-block-heading\"><strong>\u00bfQu\u00e9 edad tiene el papa Francisco I?<\/strong><\/h2>\n\n\n\n<p class=\"wp-block-paragraph\"><strong>Jorge Mario Bergoglio,\u00a0<\/strong>de 88 a\u00f1os, se convirti\u00f3 en el primer\u00a0<strong>papa jesuita<\/strong>\u00a0y el primero de origen latinoamericano. Es tambi\u00e9n el segundo de origen no europeo desde el a\u00f1o 741.<br>Tras la renuncia al cargo de su antecesor&nbsp;<strong>Joseph Aloisius Ratzinger<\/strong>&nbsp;\u2014Benedicto XVI\u2014, y luego de ser nombrado l\u00edder mundial de la&nbsp;<strong>iglesia cat\u00f3lica&nbsp;<\/strong>el 13 de marzo de 2013, Bergoglio adopt\u00f3 el nombre de&nbsp;<strong>Francisco I.<\/strong><\/p>\n\n\n\n<p class=\"wp-block-paragraph\">Actualmente y debido a una lesi\u00f3n en su rodilla, el l\u00edder de estado y l\u00edder religioso&nbsp;<strong>se moviliza en silla de ruedas<\/strong>&nbsp;o con ayuda de un bast\u00f3n.<strong>&nbsp;<\/strong><\/p>\n","protected":false},"excerpt":{"rendered":"<p>El\u00a0papa Francisco I\u00a0sufri\u00f3 este jueves\u00a0una ca\u00edda\u00a0en la\u00a0Residencia de Santa Mar\u00eda, edificio contiguo a la Bas\u00edlica De San Pedro en la ciudad del\u00a0Vaticano. Debido al golpe el&nbsp;brazo derecho&nbsp;del santo padre fue inmovilizado; aunque&nbsp;no sufri\u00f3 fractura&nbsp;ni heridas mayores \u2014solo un hematoma\u2014 lo m\u00e9dicos optaron por&nbsp;inmovilizar la extremidad, inform\u00f3 la periodista&nbsp;Valentina Alazraki. La\u00a0ca\u00edda\u00a0que tuvo el papa Francisco I\u00a0el [&hellip;]<\/p>\n","protected":false},"author":4,"featured_media":57529,"comment_status":"open","ping_status":"open","sticky":false,"template":"","format":"standard","meta":{"om_disable_all_campaigns":false,"_monsterinsights_skip_tracking":false,"footnotes":""},"categories":[183],"tags":[],"class_list":["post-57528","post","type-post","status-publish","format-standard","has-post-thumbnail","hentry","category-internacional"],"amp_enabled":true,"_links":{"self":[{"href":"https:\/\/lahora.mx\/index.php\/wp-json\/wp\/v2\/posts\/57528","targetHints":{"allow":["GET"]}}],"collection":[{"href":"https:\/\/lahora.mx\/index.php\/wp-json\/wp\/v2\/posts"}],"about":[{"href":"https:\/\/lahora.mx\/index.php\/wp-json\/wp\/v2\/types\/post"}],"author":[{"embeddable":true,"href":"https:\/\/lahora.mx\/index.php\/wp-json\/wp\/v2\/users\/4"}],"replies":[{"embeddable":true,"href":"https:\/\/lahora.mx\/index.php\/wp-json\/wp\/v2\/comments?post=57528"}],"version-history":[{"count":1,"href":"https:\/\/lahora.mx\/index.php\/wp-json\/wp\/v2\/posts\/57528\/revisions"}],"predecessor-version":[{"id":57530,"href":"https:\/\/lahora.mx\/index.php\/wp-json\/wp\/v2\/posts\/57528\/revisions\/57530"}],"wp:featuredmedia":[{"embeddable":true,"href":"https:\/\/lahora.mx\/index.php\/wp-json\/wp\/v2\/media\/57529"}],"wp:attachment":[{"href":"https:\/\/lahora.mx\/index.php\/wp-json\/wp\/v2\/media?parent=57528"}],"wp:term":[{"taxonomy":"category","embeddable":true,"href":"https:\/\/lahora.mx\/index.php\/wp-json\/wp\/v2\/categories?post=57528"},{"taxonomy":"post_tag","embeddable":true,"href":"https:\/\/lahora.mx\/index.php\/wp-json\/wp\/v2\/tags?post=57528"}],"curies":[{"name":"wp","href":"https:\/\/api.w.org\/{rel}","templated":true}]}}