{"id":57483,"date":"2025-01-15T23:37:23","date_gmt":"2025-01-15T23:37:23","guid":{"rendered":"https:\/\/lahora.mx\/?p=57483"},"modified":"2025-01-15T23:37:23","modified_gmt":"2025-01-15T23:37:23","slug":"claudia-sheinbaum-estara-en-puebla-por-tercera-ocasion-esta-vez-viene-a-chinantla","status":"publish","type":"post","link":"https:\/\/lahora.mx\/index.php\/2025\/01\/15\/claudia-sheinbaum-estara-en-puebla-por-tercera-ocasion-esta-vez-viene-a-chinantla\/","title":{"rendered":"Claudia Sheinbaum estar\u00e1 en Puebla por tercera ocasi\u00f3n, esta vez viene a Chinantla"},"content":{"rendered":"\n<p>La presidenta de M\u00e9xico,\u00a0Claudia Sheinbaum Pardo, realizar\u00e1 su tercera visita al\u00a0<strong>estado de Puebla<\/strong>\u00a0el pr\u00f3ximo\u00a0<strong>19 de enero<\/strong>. Esta ser\u00e1 la tercera ocasi\u00f3n que la mandataria recorra el territorio poblano durante sus primeros\u00a0<strong>100 d\u00edas de gobierno<\/strong>.<\/p>\n\n\n\n<p><strong>Sheinbaum Pardo<\/strong>&nbsp;acudir\u00e1 al municipio de&nbsp;<strong>Chinantla<\/strong>, donde realizar\u00e1 la&nbsp;<strong>entrega<\/strong>&nbsp;de&nbsp;<strong>Tarjetas de Pensi\u00f3n para Adultos Mayores<\/strong>, seg\u00fan su agenda p\u00fablica.<\/p>\n\n\n\n<p>La presencia de la mandataria federal en la entidad tambi\u00e9n se alinea con el anuncio sobre la sede de la planta de&nbsp;<strong>dise\u00f1o y ensamblaje<\/strong>&nbsp;del autom\u00f3vil el\u00e9ctrico&nbsp;<strong>Olinia.&nbsp;<\/strong><\/p>\n\n\n\n<p>Se espera que, durante su visita, la presidenta d\u00e9&nbsp;<strong>m\u00e1s detalles<\/strong>sobre la instalaci\u00f3n de esta empresa automotriz que producir\u00e1 el&nbsp;<strong>primer auto<\/strong>&nbsp;<strong>mexicano<\/strong>.<\/p>\n\n\n\n<p>Este ser\u00e1 el&nbsp;<strong>tercer viaje<\/strong>&nbsp;de&nbsp;<strong>Sheinbaum<\/strong>&nbsp;a&nbsp;<strong>Puebla<\/strong>. La&nbsp;<strong>primera visita<\/strong>ocurri\u00f3 el 11 de diciembre de 2024 durante el mandato de&nbsp;<strong>Sergio Salom\u00f3n C\u00e9spedes<\/strong>, donde inauguraron unidades del&nbsp;<strong>Instituto Polit\u00e9cnico Nacional<\/strong>&nbsp;(<strong>IPN<\/strong>).<\/p>\n\n\n\n<p>Su&nbsp;<strong>segundo viaje<\/strong>&nbsp;se realiz\u00f3 el 4 de enero de 2025 ya con&nbsp;<strong>Alejandro Armenta Mier<\/strong>&nbsp;al frente del gobierno estatal, donde particip\u00f3 en el&nbsp;<strong>evento<\/strong>&nbsp;de la&nbsp;<strong>Pensi\u00f3n para Mujeres del Bienestar.<\/strong>&nbsp;<\/p>\n","protected":false},"excerpt":{"rendered":"<p>La presidenta de M\u00e9xico,\u00a0Claudia Sheinbaum Pardo, realizar\u00e1 su tercera visita al\u00a0estado de Puebla\u00a0el pr\u00f3ximo\u00a019 de enero. Esta ser\u00e1 la tercera ocasi\u00f3n que la mandataria recorra el territorio poblano durante sus primeros\u00a0100 d\u00edas de gobierno. Sheinbaum Pardo&nbsp;acudir\u00e1 al municipio de&nbsp;Chinantla, donde realizar\u00e1 la&nbsp;entrega&nbsp;de&nbsp;Tarjetas de Pensi\u00f3n para Adultos Mayores, seg\u00fan su agenda p\u00fablica. La presencia de la [&hellip;]<\/p>\n","protected":false},"author":4,"featured_media":57484,"comment_status":"open","ping_status":"open","sticky":false,"template":"","format":"standard","meta":{"om_disable_all_campaigns":false,"_monsterinsights_skip_tracking":false,"_monsterinsights_sitenote_active":false,"_monsterinsights_sitenote_note":"","_monsterinsights_sitenote_category":0,"footnotes":""},"categories":[175,176],"tags":[195,223],"class_list":["post-57483","post","type-post","status-publish","format-standard","has-post-thumbnail","hentry","category-local","category-nacional","tag-principal","tag-puebla"],"amp_enabled":true,"_links":{"self":[{"href":"https:\/\/lahora.mx\/index.php\/wp-json\/wp\/v2\/posts\/57483","targetHints":{"allow":["GET"]}}],"collection":[{"href":"https:\/\/lahora.mx\/index.php\/wp-json\/wp\/v2\/posts"}],"about":[{"href":"https:\/\/lahora.mx\/index.php\/wp-json\/wp\/v2\/types\/post"}],"author":[{"embeddable":true,"href":"https:\/\/lahora.mx\/index.php\/wp-json\/wp\/v2\/users\/4"}],"replies":[{"embeddable":true,"href":"https:\/\/lahora.mx\/index.php\/wp-json\/wp\/v2\/comments?post=57483"}],"version-history":[{"count":1,"href":"https:\/\/lahora.mx\/index.php\/wp-json\/wp\/v2\/posts\/57483\/revisions"}],"predecessor-version":[{"id":57485,"href":"https:\/\/lahora.mx\/index.php\/wp-json\/wp\/v2\/posts\/57483\/revisions\/57485"}],"wp:featuredmedia":[{"embeddable":true,"href":"https:\/\/lahora.mx\/index.php\/wp-json\/wp\/v2\/media\/57484"}],"wp:attachment":[{"href":"https:\/\/lahora.mx\/index.php\/wp-json\/wp\/v2\/media?parent=57483"}],"wp:term":[{"taxonomy":"category","embeddable":true,"href":"https:\/\/lahora.mx\/index.php\/wp-json\/wp\/v2\/categories?post=57483"},{"taxonomy":"post_tag","embeddable":true,"href":"https:\/\/lahora.mx\/index.php\/wp-json\/wp\/v2\/tags?post=57483"}],"curies":[{"name":"wp","href":"https:\/\/api.w.org\/{rel}","templated":true}]}}