{"id":57470,"date":"2025-01-15T18:25:23","date_gmt":"2025-01-15T18:25:23","guid":{"rendered":"https:\/\/lahora.mx\/?p=57470"},"modified":"2025-01-15T18:25:36","modified_gmt":"2025-01-15T18:25:36","slug":"la-presidenta-claudia-sheinbaum-presenta-a-los-ceci-guarderias-operadas-por-el-imss","status":"publish","type":"post","link":"https:\/\/lahora.mx\/index.php\/2025\/01\/15\/la-presidenta-claudia-sheinbaum-presenta-a-los-ceci-guarderias-operadas-por-el-imss\/","title":{"rendered":"La presidenta Claudia Sheinbaum presenta a los CECI, guarder\u00edas operadas por el IMSS"},"content":{"rendered":"\n<p>La presidenta de M\u00e9xico,&nbsp;<strong>Claudia Sheinbaum Pardo,&nbsp;<\/strong>present\u00f3 hoy el nuevo modelo de atenci\u00f3n a las&nbsp;<strong>primeras infancias:&nbsp;<\/strong>los&nbsp;Centros de Educaci\u00f3n y Cuidado Infantil (CECI) que operar\u00e1 el Instituto Mexicano de Seguro Social (IMSS).<\/p>\n\n\n\n<p>En la&nbsp;<strong>Ma\u00f1anera del Pueblo<\/strong>&nbsp;la titular de Ejecutivo federal se\u00f1al\u00f3 que los CECI comenzar\u00e1n en&nbsp;<strong>Ciudad Ju\u00e1rez, Chihuahua<\/strong>, donde se inaugurar\u00e1n&nbsp;<strong>12 estancias<\/strong>que esperan beneficien a cerca de&nbsp;<strong>120 mil madres trabajadoras<\/strong>.<\/p>\n\n\n\n<p>Sheinbaum indic\u00f3 que este programa enfocar\u00e1 su ayuda a mujeres y ni\u00f1os; \u201ceste nuevo modelo esta recuperando la esencia de lo que fueron en alg\u00fan momento\u00a0las Guarder\u00edas del IMSS pero con una\u00a0<strong>nueva visi\u00f3n\u201d<\/strong>, indic\u00f3.<br><br>De acuerdo a la presentaci\u00f3n de la presidenta de M\u00e9xico desde&nbsp;<strong>Palacio Nacional<\/strong>&nbsp;en la&nbsp;<strong>Ciudad de M\u00e9xico<\/strong>, el programa de los&nbsp;<strong>Centros de Educaci\u00f3n y Cuidado Infantil&nbsp;<\/strong>tendr\u00e1 cinco pilares fundamentales.<\/p>\n\n\n\n<ul class=\"wp-block-list\">\n<li>Interacciones de calidad<\/li>\n\n\n\n<li>Figura de mentora educativa<\/li>\n\n\n\n<li>Sensibilizaci\u00f3n y profesionalizaci\u00f3n del cuidado<\/li>\n\n\n\n<li>Modelo de prevenci\u00f3n y atenci\u00f3n a la salud<\/li>\n\n\n\n<li>Modelo de alimentaci\u00f3n equilibrada y suficiente<\/li>\n<\/ul>\n\n\n\n<h2 class=\"wp-block-heading\"><strong>Sheinbaum le recuerda a Calder\u00f3n la tragedia de la guarder\u00eda ABC<\/strong><\/h2>\n\n\n\n<p>Durante la presentaci\u00f3n del nuevo programa de CECI del IMSS, la presidenta record\u00f3 la tragedia ocurrida el 5 de junio de 2009 en la guarder\u00eda ABC, cuando\u00a0<strong>Felipe Calder\u00f3n Hinojosa<\/strong>\u00a0era presidente.<br><br>\u201cEn realidad\u00a0<strong>era un negocio<\/strong>, m\u00e1s que el acceso a un derecho o una atenci\u00f3n y\u00a0<strong>cuidado de los ni\u00f1os y ni\u00f1as<\/strong>\u201d, refiri\u00f3 al respecto del antiguo programa federal que comenz\u00f3 en el sexenio calderonista.<\/p>\n\n\n\n<p>La guarder\u00eda se ubicaba en&nbsp;<strong>Hermosillo, Sonora<\/strong>; A causa de un incendio 49 menores murieron y una docena result\u00f3 herido. Las llamas se originaron por una fuga de gas, de acuerdo con la&nbsp;<strong>CNDH<\/strong>.<\/p>\n","protected":false},"excerpt":{"rendered":"<p>La presidenta de M\u00e9xico,&nbsp;Claudia Sheinbaum Pardo,&nbsp;present\u00f3 hoy el nuevo modelo de atenci\u00f3n a las&nbsp;primeras infancias:&nbsp;los&nbsp;Centros de Educaci\u00f3n y Cuidado Infantil (CECI) que operar\u00e1 el Instituto Mexicano de Seguro Social (IMSS). En la&nbsp;Ma\u00f1anera del Pueblo&nbsp;la titular de Ejecutivo federal se\u00f1al\u00f3 que los CECI comenzar\u00e1n en&nbsp;Ciudad Ju\u00e1rez, Chihuahua, donde se inaugurar\u00e1n&nbsp;12 estanciasque esperan beneficien a cerca de&nbsp;120 [&hellip;]<\/p>\n","protected":false},"author":4,"featured_media":57472,"comment_status":"open","ping_status":"open","sticky":false,"template":"","format":"standard","meta":{"om_disable_all_campaigns":false,"_monsterinsights_skip_tracking":false,"_monsterinsights_sitenote_active":false,"_monsterinsights_sitenote_note":"","_monsterinsights_sitenote_category":0,"footnotes":""},"categories":[176],"tags":[],"class_list":["post-57470","post","type-post","status-publish","format-standard","has-post-thumbnail","hentry","category-nacional"],"amp_enabled":true,"_links":{"self":[{"href":"https:\/\/lahora.mx\/index.php\/wp-json\/wp\/v2\/posts\/57470","targetHints":{"allow":["GET"]}}],"collection":[{"href":"https:\/\/lahora.mx\/index.php\/wp-json\/wp\/v2\/posts"}],"about":[{"href":"https:\/\/lahora.mx\/index.php\/wp-json\/wp\/v2\/types\/post"}],"author":[{"embeddable":true,"href":"https:\/\/lahora.mx\/index.php\/wp-json\/wp\/v2\/users\/4"}],"replies":[{"embeddable":true,"href":"https:\/\/lahora.mx\/index.php\/wp-json\/wp\/v2\/comments?post=57470"}],"version-history":[{"count":1,"href":"https:\/\/lahora.mx\/index.php\/wp-json\/wp\/v2\/posts\/57470\/revisions"}],"predecessor-version":[{"id":57473,"href":"https:\/\/lahora.mx\/index.php\/wp-json\/wp\/v2\/posts\/57470\/revisions\/57473"}],"wp:featuredmedia":[{"embeddable":true,"href":"https:\/\/lahora.mx\/index.php\/wp-json\/wp\/v2\/media\/57472"}],"wp:attachment":[{"href":"https:\/\/lahora.mx\/index.php\/wp-json\/wp\/v2\/media?parent=57470"}],"wp:term":[{"taxonomy":"category","embeddable":true,"href":"https:\/\/lahora.mx\/index.php\/wp-json\/wp\/v2\/categories?post=57470"},{"taxonomy":"post_tag","embeddable":true,"href":"https:\/\/lahora.mx\/index.php\/wp-json\/wp\/v2\/tags?post=57470"}],"curies":[{"name":"wp","href":"https:\/\/api.w.org\/{rel}","templated":true}]}}