{"id":57455,"date":"2025-01-15T16:10:50","date_gmt":"2025-01-15T16:10:50","guid":{"rendered":"https:\/\/lahora.mx\/?p=57455"},"modified":"2025-01-15T16:10:50","modified_gmt":"2025-01-15T16:10:50","slug":"mas-de-20-mdp-seran-destinados-para-proyectos-en-cuautlancingo","status":"publish","type":"post","link":"https:\/\/lahora.mx\/index.php\/2025\/01\/15\/mas-de-20-mdp-seran-destinados-para-proyectos-en-cuautlancingo\/","title":{"rendered":"M\u00e1s de 20 mdp ser\u00e1n destinados para proyectos en Cuautlancingo"},"content":{"rendered":"\n<p class=\"wp-block-paragraph\"><strong>Omar Mu\u00f1oz<\/strong>, Presidente Municipal de<strong>&nbsp;Cuautlancingo<\/strong>, anunci\u00f3 que el&nbsp;<strong>Ayuntamiento<\/strong>&nbsp;invertir\u00e1&nbsp;<strong>20 millones de pesos<\/strong>&nbsp;para varios proyectos que tiene contemplados el&nbsp;<strong>Gobierno del Estado<\/strong>&nbsp;en el municipio; por su parte el gobernador<strong>&nbsp;Alejandro Armenta<\/strong>, inform\u00f3 que en la localidad se crear\u00e1 la<strong>Universidad de la Tecnolog\u00eda y la &nbsp;Sostenibilidad<\/strong>, adem\u00e1s de que se instalar\u00e1n un Centro de Especializaci\u00f3n en Recursos Humanos de Alto Nivel en el Sector Automotriz (<strong>CERHAN<\/strong>) y la&nbsp;<strong>Casa de los Chips<\/strong>, en el marco de la inauguraci\u00f3n de la rehabilitaci\u00f3n de la&nbsp;<strong>avenida Vicente Guerrero&nbsp;<\/strong>en la junta auxiliar de&nbsp;<strong>San Lorenzo Almecatla.<\/strong><\/p>\n\n\n\n<p class=\"wp-block-paragraph\">Durante el evento, el mandatario estatal,&nbsp;<strong>Alejandro Armenta<\/strong>&nbsp;expres\u00f3 que estos centros de formaci\u00f3n ser\u00e1n integrados con lo m\u00e1s avanzado en tecnolog\u00eda, ya que le dan la parte final a quienes trabajan en empresas de orden mundial industrial, as\u00ed como es muy necesaria la capacitaci\u00f3n de las personas en el trato interpersonal a nivel empresarial. Asimismo, reconoci\u00f3 la labor del edil al frente del municipio en sus tres meses de administraci\u00f3n.<\/p>\n\n\n\n<p class=\"wp-block-paragraph\">En su intervenci\u00f3n, el alcalde expres\u00f3 que&nbsp;<em>\u201cCuando el justo gobierna, el pueblo se alegra\u201d<\/em>, en reconocimiento al trabajo que ha realizado el gobernador en lo que va de su gesti\u00f3n y enfatiz\u00f3 que es hist\u00f3rico para la localidad la inauguraci\u00f3n de una obra de tal envergadura,&nbsp;<em>\u201cagradezco que sea sensible a las causas m\u00e1s nobles; es de vital importancia abrir arterias principales en las juntas auxiliares que conecten a los ciudadanos con el sector salud y con el educativo para poder suplir sus necesidades b\u00e1sicas y por ello la relevancia de la vialidad que se est\u00e1 inaugurando hoy\u201d.<\/em><\/p>\n\n\n\n<p class=\"wp-block-paragraph\">El edil sostuvo que el municipio es relevante por su crecimiento econ\u00f3mico y por representar el 17 por ciento de la inversi\u00f3n a nivel estatal y que esta avenida no s\u00f3lo beneficiar\u00e1 a&nbsp;<strong>San Lorenzo Almecatla<\/strong>&nbsp;que es la junta que m\u00e1s incremento ha tenido econ\u00f3micamente, sino tambi\u00e9n a<strong>&nbsp;Sanctorum<\/strong>, que tiene el mayor n\u00famero de habitantes,<em>&nbsp;\u201cnos vamos a sumar a la causa de nuestro mandatario de generar mayor bienestar y prosperidad a los ciudadanos, para que el rezago que se ha tenido en las zonas m\u00e1s alejadas pueda reducirse mediante el trabajo coordinado entre autoridades\u201d.<\/em><\/p>\n\n\n\n<p class=\"wp-block-paragraph\"><em>\u201cPensar con el coraz\u00f3n como lo hace el gobernador, es construir un futuro esperanzador para Cuautlancingo y vamos a ir de la mano con sus pol\u00edticas p\u00fablicas que est\u00e1n centradas en el beneficio de todos los ciudadanos\u201d<\/em>, finaliz\u00f3.<\/p>\n\n\n\n<p class=\"wp-block-paragraph\">En el evento estuvieron presentes la Diputada Federal por el distrito 10,&nbsp;<strong>Karina P\u00e9rez Popoca<\/strong>,&nbsp;la Diputada local por el distrito 9,<strong>&nbsp;Norma Pimentel<\/strong>; la Secretaria de Movilidad y Transporte del Gobierno del Estado,<strong>&nbsp;Silvia Tan\u00fas<\/strong>; el edil de&nbsp;Huejotzingo<strong>&nbsp;Roberto Sol\u00eds<\/strong>&nbsp;y la alcaldesa de San Pedro&nbsp;Cholula,&nbsp;<strong>Tonantzin Fern\u00e1ndez.<\/strong><\/p>\n","protected":false},"excerpt":{"rendered":"<p>Omar Mu\u00f1oz, Presidente Municipal de&nbsp;Cuautlancingo, anunci\u00f3 que el&nbsp;Ayuntamiento&nbsp;invertir\u00e1&nbsp;20 millones de pesos&nbsp;para varios proyectos que tiene contemplados el&nbsp;Gobierno del Estado&nbsp;en el municipio; por su parte el gobernador&nbsp;Alejandro Armenta, inform\u00f3 que en la localidad se crear\u00e1 laUniversidad de la Tecnolog\u00eda y la &nbsp;Sostenibilidad, adem\u00e1s de que se instalar\u00e1n un Centro de Especializaci\u00f3n en Recursos Humanos de Alto [&hellip;]<\/p>\n","protected":false},"author":4,"featured_media":57456,"comment_status":"open","ping_status":"open","sticky":false,"template":"","format":"standard","meta":{"om_disable_all_campaigns":false,"_monsterinsights_skip_tracking":false,"footnotes":""},"categories":[175],"tags":[239,223],"class_list":["post-57455","post","type-post","status-publish","format-standard","has-post-thumbnail","hentry","category-local","tag-gobierno","tag-puebla"],"amp_enabled":true,"_links":{"self":[{"href":"https:\/\/lahora.mx\/index.php\/wp-json\/wp\/v2\/posts\/57455","targetHints":{"allow":["GET"]}}],"collection":[{"href":"https:\/\/lahora.mx\/index.php\/wp-json\/wp\/v2\/posts"}],"about":[{"href":"https:\/\/lahora.mx\/index.php\/wp-json\/wp\/v2\/types\/post"}],"author":[{"embeddable":true,"href":"https:\/\/lahora.mx\/index.php\/wp-json\/wp\/v2\/users\/4"}],"replies":[{"embeddable":true,"href":"https:\/\/lahora.mx\/index.php\/wp-json\/wp\/v2\/comments?post=57455"}],"version-history":[{"count":1,"href":"https:\/\/lahora.mx\/index.php\/wp-json\/wp\/v2\/posts\/57455\/revisions"}],"predecessor-version":[{"id":57457,"href":"https:\/\/lahora.mx\/index.php\/wp-json\/wp\/v2\/posts\/57455\/revisions\/57457"}],"wp:featuredmedia":[{"embeddable":true,"href":"https:\/\/lahora.mx\/index.php\/wp-json\/wp\/v2\/media\/57456"}],"wp:attachment":[{"href":"https:\/\/lahora.mx\/index.php\/wp-json\/wp\/v2\/media?parent=57455"}],"wp:term":[{"taxonomy":"category","embeddable":true,"href":"https:\/\/lahora.mx\/index.php\/wp-json\/wp\/v2\/categories?post=57455"},{"taxonomy":"post_tag","embeddable":true,"href":"https:\/\/lahora.mx\/index.php\/wp-json\/wp\/v2\/tags?post=57455"}],"curies":[{"name":"wp","href":"https:\/\/api.w.org\/{rel}","templated":true}]}}