{"id":57422,"date":"2025-01-15T00:12:10","date_gmt":"2025-01-15T00:12:10","guid":{"rendered":"https:\/\/lahora.mx\/?p=57422"},"modified":"2025-01-15T00:12:10","modified_gmt":"2025-01-15T00:12:10","slug":"enero-trae-mas-lluvia-a-mexico","status":"publish","type":"post","link":"https:\/\/lahora.mx\/index.php\/2025\/01\/15\/enero-trae-mas-lluvia-a-mexico\/","title":{"rendered":"Enero trae m\u00e1s lluvia a M\u00e9xico"},"content":{"rendered":"\n<p>No olvides cargar la sombrilla! En al menos 21 estados de M\u00e9xico se esperan\u00a0<strong>fuertes lluvias<\/strong>, as\u00ed como\u00a0<strong>bajas temperaturas<\/strong>. La Comisi\u00f3n Nacional del Agua (Conagua) explic\u00f3 que se debe al\u00a0paso del frente fr\u00edo n\u00famero 23 en nuestro pa\u00eds.<\/p>\n\n\n\n<p>Cabe mencionar que desde el\u00a0domingo 12 de enero el frente fr\u00edo 23 ha provocado bajas temperaturas en algunos estados; no obstante, el\u00a0<strong>Servicio Meteorol\u00f3gico Nacional (SMN)<\/strong>indic\u00f3 que el frente fr\u00edo se extender\u00e1 al norte de la pen\u00ednsula de Yucat\u00e1n, manteniendo la probabilidad de lluvias fuertes en el sureste del pa\u00eds.<\/p>\n\n\n\n<p>Adem\u00e1s, estar\u00e1 asociado con la masa de aire polar, la cual mantendr\u00e1 el\u00a0<strong>evento de \u201cNorte\u201d<\/strong>fuerte en el litoral del Golfo de M\u00e9xico el cual fue objeto de Pol\u00e9mica por Donald Trump.\u00a0<\/p>\n\n\n\n<p>El SMN detall\u00f3 que las&nbsp;<strong>bajas temperaturas<\/strong>&nbsp;se registrar\u00e1n durante la noche del martes 14 de enero sobre el noroeste, norte, noreste, oriente y centro de la Rep\u00fablica, con&nbsp;<strong>heladas<\/strong>&nbsp;durante la madrugada del mi\u00e9rcoles 15 de enero.<\/p>\n","protected":false},"excerpt":{"rendered":"<p>No olvides cargar la sombrilla! En al menos 21 estados de M\u00e9xico se esperan\u00a0fuertes lluvias, as\u00ed como\u00a0bajas temperaturas. La Comisi\u00f3n Nacional del Agua (Conagua) explic\u00f3 que se debe al\u00a0paso del frente fr\u00edo n\u00famero 23 en nuestro pa\u00eds. Cabe mencionar que desde el\u00a0domingo 12 de enero el frente fr\u00edo 23 ha provocado bajas temperaturas en algunos [&hellip;]<\/p>\n","protected":false},"author":4,"featured_media":57423,"comment_status":"open","ping_status":"open","sticky":false,"template":"","format":"standard","meta":{"om_disable_all_campaigns":false,"_monsterinsights_skip_tracking":false,"_monsterinsights_sitenote_active":false,"_monsterinsights_sitenote_note":"","_monsterinsights_sitenote_category":0,"footnotes":""},"categories":[176],"tags":[],"class_list":["post-57422","post","type-post","status-publish","format-standard","has-post-thumbnail","hentry","category-nacional"],"amp_enabled":true,"_links":{"self":[{"href":"https:\/\/lahora.mx\/index.php\/wp-json\/wp\/v2\/posts\/57422","targetHints":{"allow":["GET"]}}],"collection":[{"href":"https:\/\/lahora.mx\/index.php\/wp-json\/wp\/v2\/posts"}],"about":[{"href":"https:\/\/lahora.mx\/index.php\/wp-json\/wp\/v2\/types\/post"}],"author":[{"embeddable":true,"href":"https:\/\/lahora.mx\/index.php\/wp-json\/wp\/v2\/users\/4"}],"replies":[{"embeddable":true,"href":"https:\/\/lahora.mx\/index.php\/wp-json\/wp\/v2\/comments?post=57422"}],"version-history":[{"count":1,"href":"https:\/\/lahora.mx\/index.php\/wp-json\/wp\/v2\/posts\/57422\/revisions"}],"predecessor-version":[{"id":57424,"href":"https:\/\/lahora.mx\/index.php\/wp-json\/wp\/v2\/posts\/57422\/revisions\/57424"}],"wp:featuredmedia":[{"embeddable":true,"href":"https:\/\/lahora.mx\/index.php\/wp-json\/wp\/v2\/media\/57423"}],"wp:attachment":[{"href":"https:\/\/lahora.mx\/index.php\/wp-json\/wp\/v2\/media?parent=57422"}],"wp:term":[{"taxonomy":"category","embeddable":true,"href":"https:\/\/lahora.mx\/index.php\/wp-json\/wp\/v2\/categories?post=57422"},{"taxonomy":"post_tag","embeddable":true,"href":"https:\/\/lahora.mx\/index.php\/wp-json\/wp\/v2\/tags?post=57422"}],"curies":[{"name":"wp","href":"https:\/\/api.w.org\/{rel}","templated":true}]}}