{"id":57403,"date":"2025-01-14T19:17:34","date_gmt":"2025-01-14T19:17:34","guid":{"rendered":"https:\/\/lahora.mx\/?p=57403"},"modified":"2025-01-14T19:17:35","modified_gmt":"2025-01-14T19:17:35","slug":"se-instalan-nuevas-comisiones-en-el-cabildo-de-san-pedro-cholula","status":"publish","type":"post","link":"https:\/\/lahora.mx\/index.php\/2025\/01\/14\/se-instalan-nuevas-comisiones-en-el-cabildo-de-san-pedro-cholula\/","title":{"rendered":"Se instalan nuevas Comisiones en el Cabildo de San Pedro Cholula"},"content":{"rendered":"\n<p>15 de noviembre, 2024. San Pedro Cholula, Pue.- El Cabildo de San Pedro Cholula instal\u00f3 nuevas Comisiones para el periodo 2024.<\/p>\n\n\n\n<p>Con la presencia de la presidenta municipal, Tonantzin Fern\u00e1ndez, y del secretario general del Ayuntamiento, Jos\u00e9 Alcudia, se instalaron las siguientes comisiones:<\/p>\n\n\n\n<p>\u2022Industria, Comercio, Agricultura y Ganader\u00eda.&nbsp;<br>Presidente: Roberto Mor\u00e1n&nbsp;<br>Secretaria: Priscila Madrid&nbsp;<br>Vocal: Daphne Fern\u00e1ndez<\/p>\n\n\n\n<p>\u2022Grupos Vulnerables, Personas con Discapacidad y Juventud.<br>Presidenta: Daphne Fern\u00e1ndez&nbsp;<br>Secretaria: Priscila Madrid&nbsp;<br>Vocal: Zen\u00f3n G\u00f3mez<\/p>\n\n\n\n<p>\u2022Igualdad de G\u00e9nero.<br>Presidenta: Liz Minto&nbsp;<br>Secretaria: Sheila Salazar&nbsp;<br>Vocal: Alejandro G\u00f3mez<\/p>\n\n\n\n<p>\u2022Derechos Humanos.<br>Presidenta: Amsi Sep\u00falveda&nbsp;<br>Secretaria: Carolina Fern\u00e1ndez&nbsp;<br>Vocal: Priscila Madrid<\/p>\n\n\n\n<p>\u2022Gobierno Abierto y Participaci\u00f3n Ciudadana.<br>Presidenta: Carolina Fern\u00e1ndez&nbsp;<br>Secretaria: M\u00f3nica Garc\u00eda&nbsp;<br>Vocal: Liz Minto<\/p>\n\n\n\n<p>\u2022Migraci\u00f3n.<br>Presidente: Alejandro G\u00f3mez&nbsp;<br>Secretario: Samuel Mata<br>Vocal: Priscila Madrid<\/p>\n\n\n\n<p>Por separado, cada uno de los presidentes de las comisiones instaladas reiter\u00f3 su compromiso con la actual administraci\u00f3n municipal, as\u00ed como con las y los cholultecas de trabajar en favor del bienestar y el progreso del municipio, a trav\u00e9s del trabajo unido y la creaci\u00f3n de consensos.<\/p>\n","protected":false},"excerpt":{"rendered":"<p>15 de noviembre, 2024. San Pedro Cholula, Pue.- El Cabildo de San Pedro Cholula instal\u00f3 nuevas Comisiones para el periodo 2024. Con la presencia de la presidenta municipal, Tonantzin Fern\u00e1ndez, y del secretario general del Ayuntamiento, Jos\u00e9 Alcudia, se instalaron las siguientes comisiones: \u2022Industria, Comercio, Agricultura y Ganader\u00eda.&nbsp;Presidente: Roberto Mor\u00e1n&nbsp;Secretaria: Priscila Madrid&nbsp;Vocal: Daphne Fern\u00e1ndez \u2022Grupos [&hellip;]<\/p>\n","protected":false},"author":4,"featured_media":57404,"comment_status":"open","ping_status":"open","sticky":false,"template":"","format":"standard","meta":{"om_disable_all_campaigns":false,"_monsterinsights_skip_tracking":false,"_monsterinsights_sitenote_active":false,"_monsterinsights_sitenote_note":"","_monsterinsights_sitenote_category":0,"footnotes":""},"categories":[175],"tags":[234,223],"class_list":["post-57403","post","type-post","status-publish","format-standard","has-post-thumbnail","hentry","category-local","tag-cholula","tag-puebla"],"amp_enabled":true,"_links":{"self":[{"href":"https:\/\/lahora.mx\/index.php\/wp-json\/wp\/v2\/posts\/57403","targetHints":{"allow":["GET"]}}],"collection":[{"href":"https:\/\/lahora.mx\/index.php\/wp-json\/wp\/v2\/posts"}],"about":[{"href":"https:\/\/lahora.mx\/index.php\/wp-json\/wp\/v2\/types\/post"}],"author":[{"embeddable":true,"href":"https:\/\/lahora.mx\/index.php\/wp-json\/wp\/v2\/users\/4"}],"replies":[{"embeddable":true,"href":"https:\/\/lahora.mx\/index.php\/wp-json\/wp\/v2\/comments?post=57403"}],"version-history":[{"count":1,"href":"https:\/\/lahora.mx\/index.php\/wp-json\/wp\/v2\/posts\/57403\/revisions"}],"predecessor-version":[{"id":57405,"href":"https:\/\/lahora.mx\/index.php\/wp-json\/wp\/v2\/posts\/57403\/revisions\/57405"}],"wp:featuredmedia":[{"embeddable":true,"href":"https:\/\/lahora.mx\/index.php\/wp-json\/wp\/v2\/media\/57404"}],"wp:attachment":[{"href":"https:\/\/lahora.mx\/index.php\/wp-json\/wp\/v2\/media?parent=57403"}],"wp:term":[{"taxonomy":"category","embeddable":true,"href":"https:\/\/lahora.mx\/index.php\/wp-json\/wp\/v2\/categories?post=57403"},{"taxonomy":"post_tag","embeddable":true,"href":"https:\/\/lahora.mx\/index.php\/wp-json\/wp\/v2\/tags?post=57403"}],"curies":[{"name":"wp","href":"https:\/\/api.w.org\/{rel}","templated":true}]}}