{"id":57400,"date":"2025-01-14T19:03:12","date_gmt":"2025-01-14T19:03:12","guid":{"rendered":"https:\/\/lahora.mx\/?p=57400"},"modified":"2025-01-14T19:03:13","modified_gmt":"2025-01-14T19:03:13","slug":"roberto-solis-lanza-el-programa-presupuesto-participativo-2025-en-huejotzingo","status":"publish","type":"post","link":"https:\/\/lahora.mx\/index.php\/2025\/01\/14\/roberto-solis-lanza-el-programa-presupuesto-participativo-2025-en-huejotzingo\/","title":{"rendered":"Roberto Sol\u00eds lanza el programa \u00abPresupuesto Participativo 2025\u00bb en Huejotzingo"},"content":{"rendered":"\n<ul class=\"wp-block-list\">\n<li>El\u00a0<strong>Presidente Municipal de Huejotzingo, Roberto Sol\u00eds Valles,\u00a0<\/strong>dio inicio al programa\u00a0<strong>\u201cPresupuesto Participativo 2025\u201d,\u00a0<\/strong>una iniciativa que busca fortalecer la participaci\u00f3n ciudadana para decidir en qu\u00e9 proyectos se invertir\u00e1n los impuestos de los habitantes del municipio.\u00a0<\/li>\n\n\n\n<li>El programa se llevar\u00e1 a cabo a trav\u00e9s de una boleta que los ciudadanos recibir\u00e1n al pagar su impuesto predial y\/o servicio de agua potable.<\/li>\n\n\n\n<li>En una rueda de prensa celebrada en el\u00a0<em>Fraccionamiento \u00abPaseo de los Sauces\u00bb,<\/em>\u00a0Sol\u00eds Valles explic\u00f3 que el programa estar\u00e1\u00a0<strong>vigente del 13 de enero hasta el 31 de marzo,<\/strong>\u00a0brindando a los ciudadanos la oportunidad de seleccionar las obras p\u00fablicas que consideran prioritarias para el desarrollo de Huejotzingo.<\/li>\n\n\n\n<li>El Presidente Municipal destac\u00f3 que el inicio del programa en un fraccionamiento demuestra el compromiso de su gobierno con la igualdad y la inclusi\u00f3n.<\/li>\n\n\n\n<li><strong>\u201cPresupuesto Participativo\u201d\u00a0<\/strong>est\u00e1 dividida en seis rubros:\u00a0<\/li>\n\n\n\n<li>Rehabilitaci\u00f3n de Parques<\/li>\n\n\n\n<li>Seguridad P\u00fablica<\/li>\n\n\n\n<li>Mejora de Caminos<\/li>\n\n\n\n<li>Apoyos Sociales<\/li>\n\n\n\n<li>Servicios de Salud<\/li>\n\n\n\n<li>Promoci\u00f3n Tur\u00edstica.\u00a0<\/li>\n\n\n\n<li>Los ciudadanos deber\u00e1n llenar sus datos personales y seleccionar la opci\u00f3n que consideren m\u00e1s importante para ser ejecutada como prioridad.<\/li>\n\n\n\n<li>Inform\u00f3 sobre el incremento en la\u00a0<strong>recaudaci\u00f3n del impuesto predial;\u00a0<\/strong>de\u00a0<strong>noviembre a diciembre de 2023<\/strong>\u00a0se logr\u00f3 una recaudaci\u00f3n de<strong>\u00a0un mill\u00f3n 635 mil pesos.\u00a0<\/strong><\/li>\n\n\n\n<li>En el mismo periodo de\u00a0<strong>2024<\/strong>, con Sol\u00eds Valles ya en funciones, se alcanzaron los\u00a0<strong>dos millones 942 mil pesos<\/strong>, lo que representa un<strong>\u00a0aumento del 80%.<\/strong><\/li>\n\n\n\n<li>Roberto Sol\u00eds realiz\u00f3 su pago de impuesto predial y llen\u00f3 la boleta del \u201cPresupuesto Participativo\u201d, invitando a todos los pobladores a seguir su ejemplo y participar en este proceso de toma de decisiones.<\/li>\n\n\n\n<li>El arranque del programa cont\u00f3 con la presencia de\u00a0<strong>Myrna M\u00e1ximo Mart\u00ednez, representante del Fraccionamiento \u00abPaseo de los Sauces\u00bb; David Ruiz Terrones, Tesorero Municipal; Pedro Ponce Iglesias, Director de Vinculaci\u00f3n, Ordenamiento y Mediaci\u00f3n Condominal; y David Lima Justo, Director General del Sistema Operador de los Servicios de Agua Potable y Alcantarillado de Huejotzingo (SOSAPAHUE).<\/strong><\/li>\n<\/ul>\n","protected":false},"excerpt":{"rendered":"","protected":false},"author":4,"featured_media":57401,"comment_status":"open","ping_status":"open","sticky":false,"template":"","format":"standard","meta":{"om_disable_all_campaigns":false,"_monsterinsights_skip_tracking":false,"_monsterinsights_sitenote_active":false,"_monsterinsights_sitenote_note":"","_monsterinsights_sitenote_category":0,"footnotes":""},"categories":[175],"tags":[223],"class_list":["post-57400","post","type-post","status-publish","format-standard","has-post-thumbnail","hentry","category-local","tag-puebla"],"amp_enabled":true,"_links":{"self":[{"href":"https:\/\/lahora.mx\/index.php\/wp-json\/wp\/v2\/posts\/57400","targetHints":{"allow":["GET"]}}],"collection":[{"href":"https:\/\/lahora.mx\/index.php\/wp-json\/wp\/v2\/posts"}],"about":[{"href":"https:\/\/lahora.mx\/index.php\/wp-json\/wp\/v2\/types\/post"}],"author":[{"embeddable":true,"href":"https:\/\/lahora.mx\/index.php\/wp-json\/wp\/v2\/users\/4"}],"replies":[{"embeddable":true,"href":"https:\/\/lahora.mx\/index.php\/wp-json\/wp\/v2\/comments?post=57400"}],"version-history":[{"count":1,"href":"https:\/\/lahora.mx\/index.php\/wp-json\/wp\/v2\/posts\/57400\/revisions"}],"predecessor-version":[{"id":57402,"href":"https:\/\/lahora.mx\/index.php\/wp-json\/wp\/v2\/posts\/57400\/revisions\/57402"}],"wp:featuredmedia":[{"embeddable":true,"href":"https:\/\/lahora.mx\/index.php\/wp-json\/wp\/v2\/media\/57401"}],"wp:attachment":[{"href":"https:\/\/lahora.mx\/index.php\/wp-json\/wp\/v2\/media?parent=57400"}],"wp:term":[{"taxonomy":"category","embeddable":true,"href":"https:\/\/lahora.mx\/index.php\/wp-json\/wp\/v2\/categories?post=57400"},{"taxonomy":"post_tag","embeddable":true,"href":"https:\/\/lahora.mx\/index.php\/wp-json\/wp\/v2\/tags?post=57400"}],"curies":[{"name":"wp","href":"https:\/\/api.w.org\/{rel}","templated":true}]}}