{"id":57392,"date":"2025-01-14T18:48:39","date_gmt":"2025-01-14T18:48:39","guid":{"rendered":"https:\/\/lahora.mx\/?p=57392"},"modified":"2025-01-14T18:48:39","modified_gmt":"2025-01-14T18:48:39","slug":"cabildo-de-tijuana-declara-emergencia-preventiva-ante-posible-deportacion-masiva-desde-eu","status":"publish","type":"post","link":"https:\/\/lahora.mx\/index.php\/2025\/01\/14\/cabildo-de-tijuana-declara-emergencia-preventiva-ante-posible-deportacion-masiva-desde-eu\/","title":{"rendered":"Cabildo de Tijuana declara emergencia preventiva ante posible deportaci\u00f3n masiva desde EU"},"content":{"rendered":"\n<p>El\u00a0<strong>Cabildo de Tijuana<\/strong>\u00a0aprob\u00f3, por unanimidad, la\u00a0<strong>declaratoria de emergencia<\/strong>\u00a0como medida preventiva ante una\u00a0<strong>posible\u00a0deportaci\u00f3n <\/strong><b>masiva<\/b><strong> <\/strong><strong>\u00a0<\/strong>de Estados Unidos a M\u00e9xico a trav\u00e9s de esta frontera.<\/p>\n\n\n\n<p>El Presidente Municipal, Ismael Burgue\u00f1o Ruiz, explic\u00f3 que el municipio mantiene un trabajo de coordinaci\u00f3n con el Gobierno Federal, para hacer las acciones preventivas, en la parte que corresponde al Estado y Municipio.<\/p>\n\n\n\n<p>Dijo que la declaratoria tiene la intenci\u00f3n de brindar las<strong>&nbsp;condiciones de un trato digno<\/strong>, respeto a los&nbsp;<strong>derechos humanos<\/strong>&nbsp;y garant\u00eda de un buen retorno de quienes podr\u00edan llegar a Tijuana.<\/p>\n\n\n\n<p>Durante la sesi\u00f3n extraordinaria de Cabildo, se facult\u00f3 al Secretario de Gobierno Municipal, Arnulfo Guerrero Le\u00f3n, y a las dependencias que as\u00ed se determine, para que se suscriban los instrumentos jur\u00eddicos, adquisiciones, contrataciones necesarias para atender la situaci\u00f3n at\u00edpica que pudiera registrarse.<br>Es decir, arrendamiento de bienes muebles e inmuebles, contrataci\u00f3n de servicios p\u00fablicos, internet, servicios jur\u00eddicos, servicios administrativos, de tecnolog\u00eda, de consultor\u00eda, personal, equipos, insumos, materiales diversos, adecuaciones de obra, obras en instalaciones propias o arrendadas.<\/p>\n\n\n\n<p>As\u00ed como cualquier otro concepto dentro de las partidas del presupuesto y que sean necesarios para cumplir el objeto de este acuerdo, coordinando acciones con las autoridades estatales y federales para la atenci\u00f3n de la emergencia y gestionar la obtenci\u00f3n de los fondos federales existentes para este rubro.<\/p>\n\n\n\n<p>Asimismo, se autoriz\u00f3 y se instruy\u00f3 a Tesorer\u00eda Municipal para que en forma \u00e1gil y expedita realice los movimientos presupuestales y program\u00e1ticos necesarios, y en su caso, la creaci\u00f3n de partidas y\/o programas presupuestarios a la Secretar\u00eda de Gobierno Municipal, sin afectar la operatividad de las dependencias y Entidades Paramunicipales.<\/p>\n\n\n\n<p>En la exposici\u00f3n del punto de acuerdo, se estableci\u00f3 que es prioridad del Gobierno Municipal atender las necesidades de las y los migrantes y por tanto, prevenir que se registre una contingencia, mediante la preparaci\u00f3n log\u00edstica, material y normativa que d\u00e9 soluci\u00f3n a la necesidad que pudiera presentarse.<\/p>\n","protected":false},"excerpt":{"rendered":"<p>El\u00a0Cabildo de Tijuana\u00a0aprob\u00f3, por unanimidad, la\u00a0declaratoria de emergencia\u00a0como medida preventiva ante una\u00a0posible\u00a0deportaci\u00f3n masiva \u00a0de Estados Unidos a M\u00e9xico a trav\u00e9s de esta frontera. El Presidente Municipal, Ismael Burgue\u00f1o Ruiz, explic\u00f3 que el municipio mantiene un trabajo de coordinaci\u00f3n con el Gobierno Federal, para hacer las acciones preventivas, en la parte que corresponde al Estado y [&hellip;]<\/p>\n","protected":false},"author":4,"featured_media":57393,"comment_status":"open","ping_status":"open","sticky":false,"template":"","format":"standard","meta":{"om_disable_all_campaigns":false,"_monsterinsights_skip_tracking":false,"_monsterinsights_sitenote_active":false,"_monsterinsights_sitenote_note":"","_monsterinsights_sitenote_category":0,"footnotes":""},"categories":[176],"tags":[],"class_list":["post-57392","post","type-post","status-publish","format-standard","has-post-thumbnail","hentry","category-nacional"],"amp_enabled":true,"_links":{"self":[{"href":"https:\/\/lahora.mx\/index.php\/wp-json\/wp\/v2\/posts\/57392","targetHints":{"allow":["GET"]}}],"collection":[{"href":"https:\/\/lahora.mx\/index.php\/wp-json\/wp\/v2\/posts"}],"about":[{"href":"https:\/\/lahora.mx\/index.php\/wp-json\/wp\/v2\/types\/post"}],"author":[{"embeddable":true,"href":"https:\/\/lahora.mx\/index.php\/wp-json\/wp\/v2\/users\/4"}],"replies":[{"embeddable":true,"href":"https:\/\/lahora.mx\/index.php\/wp-json\/wp\/v2\/comments?post=57392"}],"version-history":[{"count":1,"href":"https:\/\/lahora.mx\/index.php\/wp-json\/wp\/v2\/posts\/57392\/revisions"}],"predecessor-version":[{"id":57394,"href":"https:\/\/lahora.mx\/index.php\/wp-json\/wp\/v2\/posts\/57392\/revisions\/57394"}],"wp:featuredmedia":[{"embeddable":true,"href":"https:\/\/lahora.mx\/index.php\/wp-json\/wp\/v2\/media\/57393"}],"wp:attachment":[{"href":"https:\/\/lahora.mx\/index.php\/wp-json\/wp\/v2\/media?parent=57392"}],"wp:term":[{"taxonomy":"category","embeddable":true,"href":"https:\/\/lahora.mx\/index.php\/wp-json\/wp\/v2\/categories?post=57392"},{"taxonomy":"post_tag","embeddable":true,"href":"https:\/\/lahora.mx\/index.php\/wp-json\/wp\/v2\/tags?post=57392"}],"curies":[{"name":"wp","href":"https:\/\/api.w.org\/{rel}","templated":true}]}}