{"id":57386,"date":"2025-01-14T16:48:03","date_gmt":"2025-01-14T16:48:03","guid":{"rendered":"https:\/\/lahora.mx\/?p=57386"},"modified":"2025-01-14T16:48:03","modified_gmt":"2025-01-14T16:48:03","slug":"no-hay-motivo-de-alarma-salud-sobre-muerte-de-paciente-con-metapneumovirus-en-puebla-menciona-la-presidenta-claudia-sheinbaum","status":"publish","type":"post","link":"https:\/\/lahora.mx\/index.php\/2025\/01\/14\/no-hay-motivo-de-alarma-salud-sobre-muerte-de-paciente-con-metapneumovirus-en-puebla-menciona-la-presidenta-claudia-sheinbaum\/","title":{"rendered":"\u2018No hay motivo de alarma\u2019: Salud sobre muerte de paciente con metapneumovirus en Puebla menciona la presidenta Claudia Sheinbaum"},"content":{"rendered":"\n<p>La presidenta\u00a0Claudia Sheinbaum\u00a0encabeza su conferencia \u2018ma\u00f1anera\u2019 desde Palacio Nacional este\u00a0<strong>martes 14 de enero del 2025<\/strong>, en compa\u00f1\u00eda de su Gabinete presidencial.<\/p>\n\n\n\n<h2 class=\"wp-block-heading\">Salud no emite alerta sobre muerte de paciente con metapneumovirus en Puebla<\/h2>\n\n\n\n<p>Luego de que se\u00a0reportara la muerte de una persona por metapneumovirus en Puebla las autoridades sanitarias fueron cuestionadas sobre\u00a0<strong>si se emitir\u00e1 alguna alerta<\/strong>\u00a0o hay alg\u00fan plan para evitar los contagios, de la enfermedad,\u00a0David Kershenbich, secretario de Salud respondi\u00f3 que no es alarmante.<\/p>\n\n\n\n<p>\u2018\u2018<strong>No hay motivo para emitir una alerta<\/strong>, yo mencion\u00e9 que es un virus habitual en este periodo de gripe, no hay tratamiento espec\u00edfico ni vacuna\u2019&#8217;, dijo el especialista.<\/p>\n\n\n\n<p>Kershenobich explic\u00f3 que el sistema de vigilancia est\u00e1 activo y se pueden detectar los casos que ocurren; tambi\u00e9n que no existen m\u00e1s all\u00e1 de los cuidados generales como la buena alimentaci\u00f3n.<br>\u2018\u2018Se sospecha que pudo hacer tenido el virus en Puebla y la direcci\u00f3n general de epidemiolog\u00eda lo va a ratificar, pero aunque lo ratifique,&nbsp;<strong>no hay motivo de alerta<\/strong>\u2019&#8217;, reiter\u00f3 el secretario de Salud.<\/p>\n\n\n\n<p>\u2018\u2018No hay motivo de emitir una alerta y tampoco de alarma a la poblaci\u00f3n, tenemos muy pocos casos en M\u00e9xico; en todos los casos sospechosos se est\u00e1 investigando si se tiene o no; no es un cuadro grave, es gripa de la temporada\u2019&#8217;, finaliz\u00f3 Kershenobich.<br>Amazon invierte 5 mil mdd en M\u00e9xico<\/p>\n\n\n\n<p>El secretario de Econom\u00eda,\u00a0Marcelo Ebrard, inform\u00f3 sobre una importante\u00a0<strong>inversi\u00f3n de la empresa tecnol\u00f3gica Amazon<\/strong>\u00a0en nuestro pa\u00eds. Esta se acord\u00f3 con Sheinbaum, ser\u00e1 de\u00a0<strong>5 mil millones de d\u00f3lares<\/strong>\u00a0en una regi\u00f3n digital en Quer\u00e9taro.<\/p>\n\n\n\n<p>El impacto ser\u00e1 de\u00a0<strong>7 mil empleos por a\u00f1o<\/strong>, por 15 a\u00f1os y es una gran oportunidad a talento mexicano en el sistema de Amazon a nivel mundial, se sumar\u00e1n 400 mil personas en M\u00e9xico.<br>Se trata inauguraci\u00f3n de\u00a0centros de datos en la nube, para que se ofrezcan desde M\u00e9xico y es una apuesta decisiva por el crecimiento digital del pa\u00eds, adem\u00e1s de realizar alianzas estrat\u00e9gicas importantes con instituciones educativas.<br><br>Los\u00a0<strong>empleos generados<\/strong>\u00a0ser\u00e1n para personas altamente calificadas. Adem\u00e1s, desde 2017 m\u00e1s de 500 mil mexicanos han recibido capacitaci\u00f3n constante por parte de Amazon.<\/p>\n\n\n\n<p>Con esta inversi\u00f3n se reducir\u00e1n costos y se proyecta que M\u00e9xico ser\u00e1 un importante nodo digital en Am\u00e9rica Latina.<\/p>\n\n\n\n<p>Los centros de datos potenciar\u00e1n otras importantes inversiones en el pa\u00eds, para las empresas, afirm\u00f3 la presidenta Claudia Sheinbaum.<br><br>As\u00ed han combatido bomberos mexicanos los incendios en Los \u00c1ngeles<\/p>\n\n\n\n<p>En conferencia de prensa matutina, se present\u00f3 un informe sobre las acciones que han llevado a cabo\u00a0Protecci\u00f3n Civil y bomberos mexicanos en los \u00c1ngeles tras incendios reportados desde el 7 de enero.<br><br>Se detall\u00f3 que\u00a0<strong>el fuego fue el resultado<\/strong>\u00a0de una combinaci\u00f3n de factores clim\u00e1ticos extremos: ola de calor y vientos fuertes.<\/p>\n\n\n\n<p>El s\u00e1bado 11 de enero 2 aeronaves de la fuerza a\u00e9rea mexicana llegaron al territorio, con Defensa, Conafor, SRE y la Coordinaci\u00f3n Nacional Protecci\u00f3n Civil para apoyar. Se trata de 72 elementos especializado y primera delegaci\u00f3n especial en sumarse a combatir los incendios en California.<br>El lunes 13 de enero se comenzaron a apoyar las acciones de respuesta: manejo de fuego y realizar actividades de b\u00fasqueda y rescate.<\/p>\n\n\n\n<p>El batall\u00f3n de atenci\u00f3n de emergencia contribuye al departamento contra incendios del Gobierno de California. Habr\u00e1&nbsp;<strong>un despliegue de b\u00fasqueda<\/strong>&nbsp;este martes 14 de enero.<\/p>\n\n\n\n<p>Conafor ha realizado brechas cortafuego con motosierras. Se afirm\u00f3 que hay una coordinaci\u00f3n absoluta con el Gobierno de California y se reafirma la solidaridad.<br><br>\u00bfC\u00f3mo va la compra consolidada de medicamentos de enero del 2025?<\/p>\n\n\n\n<p><strong>Eduardo Clark<\/strong>, subsecretario de salud, inform\u00f3 sobre los avances en\u00a0la compra consolidada de medicamentos\u00a0a enero del 2025. Detall\u00f3 que al inicio del sexenio se proyect\u00f3 la necesidad de adquirir 4 mil 982 millones de piezas.<\/p>\n\n\n\n<p>Luego de los procesos de licitaci\u00f3n,\u00a0<strong>se obtuvieron ofertas para la mayor parte de los medicamentos<\/strong>, es decir, del 97 por ciento. Se incluye distribuci\u00f3n a almacenes estatales y hospitales por parte de las industrias farmac\u00e9uticas.<br><br>Este\u00a0<strong>martes 14 de enero se estar\u00e1 notificando a los proveedores sobre el resultado de las licitaciones<\/strong>, agreg\u00f3 el funcionario y los dict\u00e1menes t\u00e9cnicos se publicar\u00e1n en Compranet. Las fechas de entrega ser\u00e1n a partir del 14 de marzo, en enero y febrero se entregar\u00e1n piezas de emergencia.<br>Sobre el 3 por ciento de medicamentos que no se compraron, las autoridades sanitarias har\u00e1n invitaciones particulares a las empresas, se detall\u00f3.<br><br>\u00bfQu\u00e9 incluir\u00e1 el Paquete Tur\u00edstico de la 4T del ISSSTE?<\/p>\n\n\n\n<p>En conferencia de prensa, Mart\u00ed Batres, titular del Instituto de Seguridad y Servicios Sociales de los Trabajadores del Estado (ISSSTE) inform\u00f3 sobre un&nbsp;<strong>plan de transformaci\u00f3n<\/strong>&nbsp;para este en 2025.<\/p>\n\n\n\n<p>Detall\u00f3 que se trata de 25 puntos, cuyos ejes son mejorar los servicios de salud, el trato a las personas que acuden a las instituciones e impulsar el bienestar.<\/p>\n\n\n\n<p>El punto 19 impulsar\u00e1 un<strong>&nbsp;paquete tur\u00edstico&nbsp;<\/strong>para aprovechar la infraestructura cultural, hotelera, arqueol\u00f3gica, ferroviaria y aeroportuaria construida por la Cuarta Transformaci\u00f3n<\/p>\n\n\n\n<p>\u2018\u2019Sales del\u00a0 AIFA, viajas en\u00a0Mexicana de Aviaci\u00f3n, llegas al aereopuerto \u00a0de tulum, te hospedas en\u00a0los hoteles del Tren Maya,  viajas por el\u00a0Tren Maya; todo construido por la 4T\u2019&#8217;, explic\u00f3 Batres sobre el\u00a0<strong>paquete tur\u00edstico de la 4T<\/strong>.<br><br>\u2018Siempre vamos a ayudar\u2019: Sheinbaum responde a Gene Simmons por apoyo en incendios en Los \u00c1ngeles<\/p>\n\n\n\n<p>Luego de que\u00a0<strong>Gene Simmons, integrante del grupo de rock Kiss<\/strong>, agradeciera a la mandataria Sheinbaum por el apoyo brindado tras los\u00a0incendios en Los \u00c1ngeles, la mandataria respondi\u00f3.<\/p>\n\n\n\n<p>\u2018\u2018Nuestro gobierno es humanista ante todo, corresponde al pueblo de M\u00e9xico, hoy el Gobierno tiene como sustento el humanismo,<strong>&nbsp;ah\u00ed donde podamos, siempre vamos a ayudar<\/strong>\u2019&#8217;, dijo la mandataria en su conferencia matutina.<\/p>\n","protected":false},"excerpt":{"rendered":"<p>La presidenta\u00a0Claudia Sheinbaum\u00a0encabeza su conferencia \u2018ma\u00f1anera\u2019 desde Palacio Nacional este\u00a0martes 14 de enero del 2025, en compa\u00f1\u00eda de su Gabinete presidencial. Salud no emite alerta sobre muerte de paciente con metapneumovirus en Puebla Luego de que se\u00a0reportara la muerte de una persona por metapneumovirus en Puebla las autoridades sanitarias fueron cuestionadas sobre\u00a0si se emitir\u00e1 alguna [&hellip;]<\/p>\n","protected":false},"author":4,"featured_media":57387,"comment_status":"open","ping_status":"open","sticky":false,"template":"","format":"standard","meta":{"om_disable_all_campaigns":false,"_monsterinsights_skip_tracking":false,"_monsterinsights_sitenote_active":false,"_monsterinsights_sitenote_note":"","_monsterinsights_sitenote_category":0,"footnotes":""},"categories":[175,176],"tags":[195,223],"class_list":["post-57386","post","type-post","status-publish","format-standard","has-post-thumbnail","hentry","category-local","category-nacional","tag-principal","tag-puebla"],"amp_enabled":true,"_links":{"self":[{"href":"https:\/\/lahora.mx\/index.php\/wp-json\/wp\/v2\/posts\/57386","targetHints":{"allow":["GET"]}}],"collection":[{"href":"https:\/\/lahora.mx\/index.php\/wp-json\/wp\/v2\/posts"}],"about":[{"href":"https:\/\/lahora.mx\/index.php\/wp-json\/wp\/v2\/types\/post"}],"author":[{"embeddable":true,"href":"https:\/\/lahora.mx\/index.php\/wp-json\/wp\/v2\/users\/4"}],"replies":[{"embeddable":true,"href":"https:\/\/lahora.mx\/index.php\/wp-json\/wp\/v2\/comments?post=57386"}],"version-history":[{"count":1,"href":"https:\/\/lahora.mx\/index.php\/wp-json\/wp\/v2\/posts\/57386\/revisions"}],"predecessor-version":[{"id":57388,"href":"https:\/\/lahora.mx\/index.php\/wp-json\/wp\/v2\/posts\/57386\/revisions\/57388"}],"wp:featuredmedia":[{"embeddable":true,"href":"https:\/\/lahora.mx\/index.php\/wp-json\/wp\/v2\/media\/57387"}],"wp:attachment":[{"href":"https:\/\/lahora.mx\/index.php\/wp-json\/wp\/v2\/media?parent=57386"}],"wp:term":[{"taxonomy":"category","embeddable":true,"href":"https:\/\/lahora.mx\/index.php\/wp-json\/wp\/v2\/categories?post=57386"},{"taxonomy":"post_tag","embeddable":true,"href":"https:\/\/lahora.mx\/index.php\/wp-json\/wp\/v2\/tags?post=57386"}],"curies":[{"name":"wp","href":"https:\/\/api.w.org\/{rel}","templated":true}]}}