{"id":57379,"date":"2025-01-14T16:24:11","date_gmt":"2025-01-14T16:24:11","guid":{"rendered":"https:\/\/lahora.mx\/?p=57379"},"modified":"2025-01-14T16:24:11","modified_gmt":"2025-01-14T16:24:11","slug":"jose-chedraui-prepara-informe-sobre-sus-primeros-100-dias-de-gobierno","status":"publish","type":"post","link":"https:\/\/lahora.mx\/index.php\/2025\/01\/14\/jose-chedraui-prepara-informe-sobre-sus-primeros-100-dias-de-gobierno\/","title":{"rendered":"Jos\u00e9 Chedraui prepara informe sobre sus primeros 100 d\u00edas de gobierno"},"content":{"rendered":"\n<p>El presidente municipal de Puebla,<strong>&nbsp;Jos\u00e9 Chedraui Budib,<\/strong>&nbsp;inform\u00f3 que&nbsp;<strong>el mi\u00e9rcoles 29 de enero rendir\u00e1 un informe ante los medios de comunicaci\u00f3n,<\/strong>&nbsp;con el fin de dar a conocer<strong>&nbsp;las acciones que ha realizado al frente del ayuntamiento capitalino en sus primeros 100 d\u00edas de gobierno.&nbsp;<\/strong><\/p>\n\n\n\n<p>Despu\u00e9s de la<strong>\u00a0inauguraci\u00f3n de la exposici\u00f3n \u201cCien fachadas, un mill\u00f3n de historias\u201d,<\/strong>\u00a0el mun\u00edcipe inform\u00f3 sobre el pr\u00f3ximo evento. Uno de los puntos que se abordar\u00e1 es el viaje que realiz\u00f3\u00a0<strong>el regidor Samuel Hern\u00e1ndez a Nueva York, Estados Unidos (EU)<\/strong>\u00a0para exponer los resultados alcanzados.\u00a0<a href=\"https:\/\/oem.com.mx\/elsoldepuebla\/local\/encabeza-chedraui-jornadas-de-servicios-en-san-sebastian-de-aparicio-21120378\"><a href=\"https:\/\/oem.com.mx\/elsoldepuebla\/local\/encabeza-chedraui-jornadas-de-servicios-en-san-sebastian-de-aparicio-21120378\"><\/p>\n\n\n\n<p>Respecto a dicho punto, puntualiz\u00f3 que&nbsp;<strong>el integrante del Cabildo de Puebla ya present\u00f3 varios informes de las acciones que llev\u00f3 a cabo en el pa\u00eds vecino<\/strong>, con qui\u00e9n fue y todos los pormenores. Sin embargo, inform\u00f3 que hasta el momento no ha podido revisarlo por falta de tiempo.&nbsp;<\/p>\n\n\n\n<p>Tambi\u00e9n se abordar\u00e1n en el informe de los 100 d\u00edas de gobiernos otros puntos como&nbsp;<strong>inversi\u00f3n y obra p\u00fablica que se ha realizado desde el pasado 15 de octubre hasta el pr\u00f3ximo 29 de enero<\/strong>, para informar a los ciudadanos sus primeras acciones.&nbsp;<\/p>\n\n\n\n<p>Esta acci\u00f3n tiene el estilo de los principales actores de Morena, pues recientemente&nbsp;<strong>la presidenta del pa\u00eds Claudia Sheinbaum Pardo encabez\u00f3 un evento masivo de este tipo en la Ciudad de M\u00e9xico.&nbsp;<\/strong><\/p>\n\n\n\n<p>En otro orden de ideas, el presidente municipal adelant\u00f3 que<strong>&nbsp;habr\u00e1 ley seca con motivo de la renovaci\u00f3n de las 17 juntas auxiliares de la ciudad de Puebla<\/strong>&nbsp;que se llevar\u00e1n a cabo el domingo 26 de enero.&nbsp;<\/p>\n\n\n\n<p>Hasta el momento todav\u00eda se valora los detalles y si a<strong>plicar\u00e1 solamente para los sitios donde habr\u00e1 elecciones o en todo el municipio de Puebla<\/strong>. El alcalde adelant\u00f3 que, pr\u00f3ximamente dar\u00e1 todos los pormenores con el fin de que los ciudadanos est\u00e9n al tanto.\u00a0<a href=\"https:\/\/oem.com.mx\/elsoldepuebla\/local\/arrancan-campanas-en-juntas-auxiliares-de-puebla-capital-para-renovacion-de-presidencias-21071871\"><a href=\"https:\/\/oem.com.mx\/elsoldepuebla\/local\/arrancan-campanas-en-juntas-auxiliares-de-puebla-capital-para-renovacion-de-presidencias-21071871\"><\/p>\n\n\n\n<p>En ese sentido, detall\u00f3 que&nbsp;<strong>ya tuvieron comunicaci\u00f3n con las plantillas que buscan llegar al poder,&nbsp;<\/strong>a quienes se les hizo un llamado para garantizar el orden en la elecci\u00f3n.&nbsp;<\/p>\n\n\n\n<p>\u201cYa nos sentamos con todas las planillas y platicado con ellas para que se conduzcan de manera correcta.&nbsp;<strong>Habr\u00e1 presencia de la polic\u00eda municipal y estatal&nbsp;<\/strong>para que todos los plebiscitos se lleven a cabo de acuerdo a lo programado\u201d, concluy\u00f3.&nbsp;<\/p>\n","protected":false},"excerpt":{"rendered":"<p>El presidente municipal de Puebla,&nbsp;Jos\u00e9 Chedraui Budib,&nbsp;inform\u00f3 que&nbsp;el mi\u00e9rcoles 29 de enero rendir\u00e1 un informe ante los medios de comunicaci\u00f3n,&nbsp;con el fin de dar a conocer&nbsp;las acciones que ha realizado al frente del ayuntamiento capitalino en sus primeros 100 d\u00edas de gobierno.&nbsp; Despu\u00e9s de la\u00a0inauguraci\u00f3n de la exposici\u00f3n \u201cCien fachadas, un mill\u00f3n de historias\u201d,\u00a0el mun\u00edcipe [&hellip;]<\/p>\n","protected":false},"author":4,"featured_media":57380,"comment_status":"open","ping_status":"open","sticky":false,"template":"","format":"standard","meta":{"om_disable_all_campaigns":false,"_monsterinsights_skip_tracking":false,"_monsterinsights_sitenote_active":false,"_monsterinsights_sitenote_note":"","_monsterinsights_sitenote_category":0,"footnotes":""},"categories":[175],"tags":[223],"class_list":["post-57379","post","type-post","status-publish","format-standard","has-post-thumbnail","hentry","category-local","tag-puebla"],"amp_enabled":true,"_links":{"self":[{"href":"https:\/\/lahora.mx\/index.php\/wp-json\/wp\/v2\/posts\/57379","targetHints":{"allow":["GET"]}}],"collection":[{"href":"https:\/\/lahora.mx\/index.php\/wp-json\/wp\/v2\/posts"}],"about":[{"href":"https:\/\/lahora.mx\/index.php\/wp-json\/wp\/v2\/types\/post"}],"author":[{"embeddable":true,"href":"https:\/\/lahora.mx\/index.php\/wp-json\/wp\/v2\/users\/4"}],"replies":[{"embeddable":true,"href":"https:\/\/lahora.mx\/index.php\/wp-json\/wp\/v2\/comments?post=57379"}],"version-history":[{"count":1,"href":"https:\/\/lahora.mx\/index.php\/wp-json\/wp\/v2\/posts\/57379\/revisions"}],"predecessor-version":[{"id":57381,"href":"https:\/\/lahora.mx\/index.php\/wp-json\/wp\/v2\/posts\/57379\/revisions\/57381"}],"wp:featuredmedia":[{"embeddable":true,"href":"https:\/\/lahora.mx\/index.php\/wp-json\/wp\/v2\/media\/57380"}],"wp:attachment":[{"href":"https:\/\/lahora.mx\/index.php\/wp-json\/wp\/v2\/media?parent=57379"}],"wp:term":[{"taxonomy":"category","embeddable":true,"href":"https:\/\/lahora.mx\/index.php\/wp-json\/wp\/v2\/categories?post=57379"},{"taxonomy":"post_tag","embeddable":true,"href":"https:\/\/lahora.mx\/index.php\/wp-json\/wp\/v2\/tags?post=57379"}],"curies":[{"name":"wp","href":"https:\/\/api.w.org\/{rel}","templated":true}]}}