{"id":57321,"date":"2025-01-13T16:30:35","date_gmt":"2025-01-13T16:30:35","guid":{"rendered":"https:\/\/lahora.mx\/?p=57321"},"modified":"2025-01-13T16:30:35","modified_gmt":"2025-01-13T16:30:35","slug":"suman-24-muertos-tras-los-incendios-en-los-angeles-california","status":"publish","type":"post","link":"https:\/\/lahora.mx\/index.php\/2025\/01\/13\/suman-24-muertos-tras-los-incendios-en-los-angeles-california\/","title":{"rendered":"Suman 24 muertos tras los incendios en Los \u00c1ngeles, California"},"content":{"rendered":"\n<p><br>Lleg\u00f3 a 24 el n\u00famero de muertos por los\u00a0<strong>incendios forestales<\/strong>\u00a0en diferentes localidades de\u00a0Los \u00c1ngeles California, en\u00a0<strong>Estados Unidos<\/strong>, confirmaron ayer autoridades locales.<\/p>\n\n\n\n<p><strong>Ocho<\/strong>&nbsp;de las muertes se debieron al&nbsp;<strong>incendio de Palisades<\/strong>, mientras que 16 fueron causadas por el&nbsp;<strong>incendio de Eaton<\/strong>, de acuerdo con el m\u00e9dico forense del condado de&nbsp;<strong>Los \u00c1ngeles<\/strong>.<\/p>\n\n\n\n<p>El\u00a0incendio de Palisades, a hoy el mayor forestal activo en la zona de\u00a0<strong>Los \u00c1ngeles<\/strong>, arras\u00f3 m\u00e1s de 96 kil\u00f3metros cuadrados y destruy\u00f3 m\u00e1s de 5 mil 300 estructuras desde el pasado martes. El incendio est\u00e1 contenido en un\u00a0<strong>11 por ciento<\/strong>.<\/p>\n\n\n\n<p>El&nbsp;<strong>incendio de Eaton<\/strong>, que afect\u00f3 m\u00e1s de 57.1 kil\u00f3metros cuadrados cerca de&nbsp;<strong>Altadena<\/strong>&nbsp;y&nbsp;<strong>Pasadena<\/strong>, est\u00e1 actualmente contenido en un&nbsp;<strong>27 por ciento<\/strong>.<\/p>\n\n\n\n<p>M\u00e1s de 12 mil 300 estructuras fueron destruidas y m\u00e1s de&nbsp;<strong>100 mil personas permanecen evacuadas<\/strong>&nbsp;de varias zonas siniestradas que cubrieron m\u00e1s de 161.9 kil\u00f3metros cuadrados, hasta el domingo.<\/p>\n\n\n\n<p>Mientras los bomberos contin\u00faan luchando contra las llamas, se espera que&nbsp;<strong>los vientos sigan intensific\u00e1ndose<\/strong>&nbsp;hasta el mi\u00e9rcoles por la noche, lo que podr\u00eda complicar a\u00fan m\u00e1s las labores de rescate.<\/p>\n\n\n\n<p>El jefe de bomberos del condado de Los \u00c1ngeles,&nbsp;<strong>Anthony Marrone<\/strong>, declar\u00f3 que estos vientos, combinados con la baja humedad y la vegetaci\u00f3n extremadamente seca, mantendr\u00e1n&nbsp;<strong>la amenaza de incendio<\/strong>&nbsp;en la zona en un nivel muy alto.&nbsp;<\/p>\n","protected":false},"excerpt":{"rendered":"<p>Lleg\u00f3 a 24 el n\u00famero de muertos por los\u00a0incendios forestales\u00a0en diferentes localidades de\u00a0Los \u00c1ngeles California, en\u00a0Estados Unidos, confirmaron ayer autoridades locales. Ocho&nbsp;de las muertes se debieron al&nbsp;incendio de Palisades, mientras que 16 fueron causadas por el&nbsp;incendio de Eaton, de acuerdo con el m\u00e9dico forense del condado de&nbsp;Los \u00c1ngeles. El\u00a0incendio de Palisades, a hoy el mayor [&hellip;]<\/p>\n","protected":false},"author":4,"featured_media":57322,"comment_status":"open","ping_status":"open","sticky":false,"template":"","format":"standard","meta":{"om_disable_all_campaigns":false,"_monsterinsights_skip_tracking":false,"_monsterinsights_sitenote_active":false,"_monsterinsights_sitenote_note":"","_monsterinsights_sitenote_category":0,"footnotes":""},"categories":[183],"tags":[],"class_list":["post-57321","post","type-post","status-publish","format-standard","has-post-thumbnail","hentry","category-internacional"],"amp_enabled":true,"_links":{"self":[{"href":"https:\/\/lahora.mx\/index.php\/wp-json\/wp\/v2\/posts\/57321","targetHints":{"allow":["GET"]}}],"collection":[{"href":"https:\/\/lahora.mx\/index.php\/wp-json\/wp\/v2\/posts"}],"about":[{"href":"https:\/\/lahora.mx\/index.php\/wp-json\/wp\/v2\/types\/post"}],"author":[{"embeddable":true,"href":"https:\/\/lahora.mx\/index.php\/wp-json\/wp\/v2\/users\/4"}],"replies":[{"embeddable":true,"href":"https:\/\/lahora.mx\/index.php\/wp-json\/wp\/v2\/comments?post=57321"}],"version-history":[{"count":1,"href":"https:\/\/lahora.mx\/index.php\/wp-json\/wp\/v2\/posts\/57321\/revisions"}],"predecessor-version":[{"id":57323,"href":"https:\/\/lahora.mx\/index.php\/wp-json\/wp\/v2\/posts\/57321\/revisions\/57323"}],"wp:featuredmedia":[{"embeddable":true,"href":"https:\/\/lahora.mx\/index.php\/wp-json\/wp\/v2\/media\/57322"}],"wp:attachment":[{"href":"https:\/\/lahora.mx\/index.php\/wp-json\/wp\/v2\/media?parent=57321"}],"wp:term":[{"taxonomy":"category","embeddable":true,"href":"https:\/\/lahora.mx\/index.php\/wp-json\/wp\/v2\/categories?post=57321"},{"taxonomy":"post_tag","embeddable":true,"href":"https:\/\/lahora.mx\/index.php\/wp-json\/wp\/v2\/tags?post=57321"}],"curies":[{"name":"wp","href":"https:\/\/api.w.org\/{rel}","templated":true}]}}