{"id":57041,"date":"2025-01-05T16:36:53","date_gmt":"2025-01-05T16:36:53","guid":{"rendered":"https:\/\/lahora.mx\/?p=57041"},"modified":"2025-01-05T16:36:53","modified_gmt":"2025-01-05T16:36:53","slug":"asi-puedes-contactar-por-videollamada-a-los-reyes-magos","status":"publish","type":"post","link":"https:\/\/lahora.mx\/index.php\/2025\/01\/05\/asi-puedes-contactar-por-videollamada-a-los-reyes-magos\/","title":{"rendered":"As\u00ed puedes contactar por videollamada a los Reyes Magos"},"content":{"rendered":"\n<p class=\"wp-block-paragraph\">Las\u00a0<strong>fiestas decembrinas es una gran \u00e9poca para los ni\u00f1os<\/strong>\u00a0debido a los d\u00edas de vacaciones y a los regalos que reciben, en muchas casas por la llegada de\u00a0<strong>Santa Claus<\/strong>\u00a0y tambi\u00e9n por los\u00a0Reyes Magos, fecha con la que se cierran las festividades.<\/p>\n\n\n\n<p class=\"wp-block-paragraph\">Es este&nbsp;<strong>6 de enero&nbsp;<\/strong>en que los ni\u00f1os despertar\u00e1n para ver debajo de su \u00e1rbol de navidad y en algunas tradiciones al lado de su zapato, los regalos que hayan pedido y que los&nbsp;<strong>Reyes hayan podido entregarle y si se port\u00f3 de buena manera.<\/strong><\/p>\n\n\n\n<p class=\"wp-block-paragraph\">La tecnolog\u00eda no solo ha ido cambiando los regalos que los ni\u00f1os piden a\u00f1o con a\u00f1o, tambi\u00e9n ahora ha\u00a0<strong>mejorado la forma en que los ni\u00f1os se pueden comunicar con los Reyes Magos<\/strong>\u00a0al punto de\u00a0<strong>poder hacer una videollamada con ellos.<\/strong><br>\u00bfC\u00f3mo hacer una videollamada con los Reyes Magos?<\/p>\n\n\n\n<p class=\"wp-block-paragraph\">Comunicarse con&nbsp;<strong>Melchor, Gaspar y Baltazar es ahora m\u00e1s f\u00e1cil<\/strong>&nbsp;gracias a la tecnolog\u00eda y a dos&nbsp;<strong>iniciativas en l\u00ednea&nbsp;<\/strong>que permitir\u00e1 a los m\u00e1s peque\u00f1os decir de manera m\u00e1s clara que es lo que desean recibir en el pr\u00f3ximo enero.<\/p>\n\n\n\n<h2 class=\"wp-block-heading\">Experiencia Reyes Magos GNP<\/h2>\n\n\n\n<p class=\"wp-block-paragraph\">Para activar esta experiencia se debe ingresar a la p\u00e1gina web gnp.com.mx\/experiencia-reyes-magos<strong>\u00a0<\/strong>o descargar la aplicaci\u00f3n de \u201c<strong><em>Soy Cliente GNP<\/em><\/strong>\u201d y despu\u00e9s:<\/p>\n\n\n\n<p class=\"wp-block-paragraph\">&#8211; Llenar el formulario en donde se solicitar\u00e1 a un adulto colocar el parentesco con el ni\u00f1o: mam\u00e1, pap\u00e1, abuelo, t\u00edo, etc,<\/p>\n\n\n\n<p class=\"wp-block-paragraph\">&#8211; Dar informaci\u00f3n del ni\u00f1o como el nombre del menor, si se quiere sin apellidos.<\/p>\n\n\n\n<p class=\"wp-block-paragraph\">&#8211; Elegir alguna actividad favorita del ni\u00f1o entre opciones como bailar, cantar, jugar, los videojuegos, entre otros.<\/p>\n\n\n\n<p class=\"wp-block-paragraph\">&#8211; Elegir el mensaje que dar\u00e1n al ni\u00f1o con opciones como recordarle que se porte bien, que haga sus tareas, que ayude en el hogar y m\u00e1s.<\/p>\n\n\n\n<p class=\"wp-block-paragraph\">&#8211; Seleccionar el estado donde se vive, otra opci\u00f3n que es opcional y solo para hacer m\u00e1s personalizado el mensaje.<\/p>\n\n\n\n<p class=\"wp-block-paragraph\">&#8211; A\u00f1adir una imagen del ni\u00f1o, otro punto opcional y solo para personalizar a detalle la videollamada.<br><br>Reyes Magos Iberia<\/p>\n\n\n\n<p class=\"wp-block-paragraph\">Respecto a la funci\u00f3n de\u00a0<strong>Reyes Magos Iberia<\/strong>\u00a0para acceder a ella se debe ingresar a la p\u00e1gina\u00a0reyesmagos.iberia.com\u00a0y seguir los siguientes pasos:<\/p>\n\n\n\n<p class=\"wp-block-paragraph\">&#8211; Llenar formulario donde se pedir\u00e1 el nombre del ni\u00f1o, de parte de quien va el mensaje (padre, madre, etc.), elegir c\u00f3mo se ha portado el ni\u00f1o, alguna de sus cosas favoritas, colocar de manera opcional una foto del menor y elegir al Rey Mago que protagonizar\u00e1 la llamada.<\/p>\n\n\n\n<p class=\"wp-block-paragraph\">&#8211; Tras completarlo se debe dar en la opci\u00f3n de \u201ccomenzar\u201d.<\/p>\n\n\n\n<p class=\"wp-block-paragraph\">&#8211; Completado el proceso comenzar\u00e1 la videollamada de manera autom\u00e1tica y el rey mago que hayan elegido dar\u00e1 un mensaje personalizado, solo se debe prestar atenci\u00f3n a que el mensaje estar\u00e1 en espa\u00f1ol castellano y no en el latino al que estamos acostumbrados.<\/p>\n","protected":false},"excerpt":{"rendered":"<p>Las\u00a0fiestas decembrinas es una gran \u00e9poca para los ni\u00f1os\u00a0debido a los d\u00edas de vacaciones y a los regalos que reciben, en muchas casas por la llegada de\u00a0Santa Claus\u00a0y tambi\u00e9n por los\u00a0Reyes Magos, fecha con la que se cierran las festividades. Es este&nbsp;6 de enero&nbsp;en que los ni\u00f1os despertar\u00e1n para ver debajo de su \u00e1rbol de [&hellip;]<\/p>\n","protected":false},"author":4,"featured_media":57042,"comment_status":"open","ping_status":"open","sticky":false,"template":"","format":"standard","meta":{"om_disable_all_campaigns":false,"_monsterinsights_skip_tracking":false,"footnotes":""},"categories":[7],"tags":[],"class_list":["post-57041","post","type-post","status-publish","format-standard","has-post-thumbnail","hentry","category-geek"],"amp_enabled":true,"_links":{"self":[{"href":"https:\/\/lahora.mx\/index.php\/wp-json\/wp\/v2\/posts\/57041","targetHints":{"allow":["GET"]}}],"collection":[{"href":"https:\/\/lahora.mx\/index.php\/wp-json\/wp\/v2\/posts"}],"about":[{"href":"https:\/\/lahora.mx\/index.php\/wp-json\/wp\/v2\/types\/post"}],"author":[{"embeddable":true,"href":"https:\/\/lahora.mx\/index.php\/wp-json\/wp\/v2\/users\/4"}],"replies":[{"embeddable":true,"href":"https:\/\/lahora.mx\/index.php\/wp-json\/wp\/v2\/comments?post=57041"}],"version-history":[{"count":1,"href":"https:\/\/lahora.mx\/index.php\/wp-json\/wp\/v2\/posts\/57041\/revisions"}],"predecessor-version":[{"id":57043,"href":"https:\/\/lahora.mx\/index.php\/wp-json\/wp\/v2\/posts\/57041\/revisions\/57043"}],"wp:featuredmedia":[{"embeddable":true,"href":"https:\/\/lahora.mx\/index.php\/wp-json\/wp\/v2\/media\/57042"}],"wp:attachment":[{"href":"https:\/\/lahora.mx\/index.php\/wp-json\/wp\/v2\/media?parent=57041"}],"wp:term":[{"taxonomy":"category","embeddable":true,"href":"https:\/\/lahora.mx\/index.php\/wp-json\/wp\/v2\/categories?post=57041"},{"taxonomy":"post_tag","embeddable":true,"href":"https:\/\/lahora.mx\/index.php\/wp-json\/wp\/v2\/tags?post=57041"}],"curies":[{"name":"wp","href":"https:\/\/api.w.org\/{rel}","templated":true}]}}