{"id":5688,"date":"2022-04-19T17:16:10","date_gmt":"2022-04-19T17:16:10","guid":{"rendered":"http:\/\/lahora.mx\/?p=5688"},"modified":"2022-04-19T17:16:11","modified_gmt":"2022-04-19T17:16:11","slug":"martes-de-descuentos-en-mas-de-200-negocios-ayuntamiento-de-puebla","status":"publish","type":"post","link":"https:\/\/lahora.mx\/index.php\/2022\/04\/19\/martes-de-descuentos-en-mas-de-200-negocios-ayuntamiento-de-puebla\/","title":{"rendered":"Martes de descuentos en m\u00e1s de 200 negocios; Ayuntamiento de Puebla"},"content":{"rendered":"\n<p>Con el objetivo de reactivar la econom\u00eda, el ayuntamiento de Puebla puso en marcha el programa&nbsp;<strong>\u00abMartes de Descuento para Poblanos\u00bb<\/strong>, con el cual los establecimientos participantes&nbsp;<strong>ofrecer\u00e1n diversas promociones.<\/strong><\/p>\n\n\n\n<p>En la presentaci\u00f3n del programa este martes, el alcalde\u00a0<strong>Eduardo Rivera P\u00e9rez\u00a0<\/strong>se\u00f1al\u00f3 que en una primera etapa participan\u00a0<strong>m\u00e1s de 200 establecimientos\u00a0<\/strong>afiliados a las c\u00e1maras empresariales, como la C\u00e1mara Nacional de la Industria de Restaurantes y Alimentos Condimentados (Canirac), Consejo Coordinador Empresarial (CCE), C\u00e1mara de Comercio, Servicios y Turismo de Puebla (Canacope), Asociaci\u00f3n de Hoteles y Moteles y la Asociaci\u00f3n de Centros Comerciales.<br>\u00ab<strong>La situaci\u00f3n econ\u00f3mica es compleja<\/strong>\u00a0para todos y algo tenemos que hacer, y este gobierno ha decidido no quedarse de brazos cruzados, sino trabajar de conjunta con los empresarios, para poder encontrar soluciones y\u00a0<strong>lograr una reactivaci\u00f3n<\/strong>\u00a0que pueda realmente sacar adelante a nuestra Puebla, las empresas, las familias y a sus trabajadores\u00bb, expres\u00f3 el edil.<br><\/p>\n\n\n\n<p>Apunt\u00f3 que el programa de \u00abMartes de Descuento para Poblanos\u00bb forma parte de la estrategia \u201cImpulsa Puebla\u201d y la meta es que&nbsp;<strong>10 mil establecimientos se afilien,<\/strong>&nbsp;pues la finalidad es que los comercios incrementen sus ventas entre semana, adem\u00e1s de que la ciudadan\u00eda&nbsp;<strong>tenga un d\u00eda dedicado a promociones y descuentos.<\/strong><\/p>\n\n\n\n<p>Rivera P\u00e9rez explic\u00f3 que para recibir las promociones, las personas tendr\u00e1n que acudir a los establecimientos participantes que&nbsp;<strong>ser\u00e1n anunciados en las redes&nbsp;<\/strong>del ayuntamiento, o identificar a los negocios y empresas con el sello \u00ab<strong>Martes de Descuento para Poblanos<\/strong>\u00ab, y presentar su credencial de elector que los identifique&nbsp;<strong>como residente de la entidad.<\/strong><\/p>\n\n\n\n<p>Indic\u00f3 que todas las empresas que busquen afiliarse al proyecto, lo pueden hacer&nbsp;<a href=\"http:\/\/pueblacapital.gob.mx\/\"><strong>en la p\u00e1gina oficial del ayuntamiento de Puebla<\/strong><\/a>&nbsp;o pueden llamar al tel\u00e9fono&nbsp;<strong>22 23 03 94 00 Ext. 7054&nbsp;<\/strong>y al n\u00famero de WhatsApp: 22 23 76 77 86.<\/p>\n","protected":false},"excerpt":{"rendered":"<p>Con el objetivo de reactivar la econom\u00eda, el ayuntamiento de Puebla puso en marcha el programa&nbsp;\u00abMartes de Descuento para Poblanos\u00bb, con el cual los establecimientos participantes&nbsp;ofrecer\u00e1n diversas promociones. En la presentaci\u00f3n del programa este martes, el alcalde\u00a0Eduardo Rivera P\u00e9rez\u00a0se\u00f1al\u00f3 que en una primera etapa participan\u00a0m\u00e1s de 200 establecimientos\u00a0afiliados a las c\u00e1maras empresariales, como la C\u00e1mara [&hellip;]<\/p>\n","protected":false},"author":4,"featured_media":5689,"comment_status":"open","ping_status":"open","sticky":false,"template":"","format":"standard","meta":{"om_disable_all_campaigns":false,"_monsterinsights_skip_tracking":false,"_monsterinsights_sitenote_active":false,"_monsterinsights_sitenote_note":"","_monsterinsights_sitenote_category":0,"footnotes":""},"categories":[175],"tags":[195,223],"class_list":["post-5688","post","type-post","status-publish","format-standard","has-post-thumbnail","hentry","category-local","tag-principal","tag-puebla"],"amp_enabled":true,"_links":{"self":[{"href":"https:\/\/lahora.mx\/index.php\/wp-json\/wp\/v2\/posts\/5688","targetHints":{"allow":["GET"]}}],"collection":[{"href":"https:\/\/lahora.mx\/index.php\/wp-json\/wp\/v2\/posts"}],"about":[{"href":"https:\/\/lahora.mx\/index.php\/wp-json\/wp\/v2\/types\/post"}],"author":[{"embeddable":true,"href":"https:\/\/lahora.mx\/index.php\/wp-json\/wp\/v2\/users\/4"}],"replies":[{"embeddable":true,"href":"https:\/\/lahora.mx\/index.php\/wp-json\/wp\/v2\/comments?post=5688"}],"version-history":[{"count":1,"href":"https:\/\/lahora.mx\/index.php\/wp-json\/wp\/v2\/posts\/5688\/revisions"}],"predecessor-version":[{"id":5690,"href":"https:\/\/lahora.mx\/index.php\/wp-json\/wp\/v2\/posts\/5688\/revisions\/5690"}],"wp:featuredmedia":[{"embeddable":true,"href":"https:\/\/lahora.mx\/index.php\/wp-json\/wp\/v2\/media\/5689"}],"wp:attachment":[{"href":"https:\/\/lahora.mx\/index.php\/wp-json\/wp\/v2\/media?parent=5688"}],"wp:term":[{"taxonomy":"category","embeddable":true,"href":"https:\/\/lahora.mx\/index.php\/wp-json\/wp\/v2\/categories?post=5688"},{"taxonomy":"post_tag","embeddable":true,"href":"https:\/\/lahora.mx\/index.php\/wp-json\/wp\/v2\/tags?post=5688"}],"curies":[{"name":"wp","href":"https:\/\/api.w.org\/{rel}","templated":true}]}}