{"id":56676,"date":"2024-12-25T00:17:14","date_gmt":"2024-12-25T00:17:14","guid":{"rendered":"https:\/\/lahora.mx\/?p=56676"},"modified":"2024-12-25T00:17:14","modified_gmt":"2024-12-25T00:17:14","slug":"el-gobernador-alejandro-armenta-convocara-a-mario-riestra-y-lideres-de-partidos-a-partir-de-enero","status":"publish","type":"post","link":"https:\/\/lahora.mx\/index.php\/2024\/12\/25\/el-gobernador-alejandro-armenta-convocara-a-mario-riestra-y-lideres-de-partidos-a-partir-de-enero\/","title":{"rendered":"El gobernador Alejandro Armenta convocar\u00e1 a Mario Riestra y l\u00edderes de partidos a partir de enero"},"content":{"rendered":"\n<p>El pr\u00f3ximo mes, el gobernador Alejandro Armenta Mier se reunir\u00e1 con el nuevo dirigente del PAN, Mario Riestra Pi\u00f1a y con los representantes de los diversos partidos pol\u00edticos, inform\u00f3 el Secretario de Gobernaci\u00f3n, Samuel Aguilar. Dijo que se les pedir\u00e1 respeto y que no se politicen temas como la seguridad p\u00fablica.<\/p>\n\n\n\n<p>En entrevista con medios de comunicaci\u00f3n, Aguilar sostuvo que el titular del Ejecutivo ya ha sostenido algunos encuentros con los representantes de los institutos pol\u00edticos; sin embargo, se prev\u00e9 que en enero se formalice uno en el que participe el reci\u00e9n designado l\u00edder del albiazul.<br>\u201cHa habido acercamientos con varios actores pol\u00edticos del PAN y de todos los partidos de manera cordial; de manera abierta, inclusiva, para trabajar por el estado y ellos est\u00e1n en la misma disposici\u00f3n, espero que la nueva dirigencia (de Acci\u00f3n Nacional) as\u00ed se mantenga y a principios de enero estaremos reuni\u00e9ndonos\u201d, dijo.<\/p>\n\n\n\n<p>Asegur\u00f3 que durante la reuni\u00f3n se solicitar\u00e1 a los l\u00edderes pol\u00edticos que mantengan su trabajo por la v\u00eda institucional y del respeto, as\u00ed como el apoyo para los presidentes municipales que son emanados de cada fuerza pol\u00edtica , siempre \u201crespetando su investidura de partido y de instituci\u00f3n\u201d.<\/p>\n\n\n\n<p>Clausuras en Central de Abasto fueron por estar sobre ductos<br>Respecto a la clausura de bodegas en la Central de Abasto efectuada por el ayuntamiento de Puebla, el Secretario de Gobernaci\u00f3n refiri\u00f3 que las construcciones estaban sobre ductos de Pemex e incluso advirti\u00f3 que no se puede descartar su relaci\u00f3n con actividades il\u00edcitas.<br>Refiri\u00f3 que a partir del operativo realizado por el gobierno municipal se generar\u00e1n otras acciones para regular esa zona, iniciando con un programa para exhortar a los comerciantes a desalojar y evitar ocupar zonas de riesgo.<\/p>\n\n\n\n<p>Al respecto, el gobernador Alejandro Armenta Mier precis\u00f3 que el Estado coadyuvar\u00e1 en las investigaciones para determinar el origen de las construcciones clausuradas.<\/p>\n","protected":false},"excerpt":{"rendered":"<p>El pr\u00f3ximo mes, el gobernador Alejandro Armenta Mier se reunir\u00e1 con el nuevo dirigente del PAN, Mario Riestra Pi\u00f1a y con los representantes de los diversos partidos pol\u00edticos, inform\u00f3 el Secretario de Gobernaci\u00f3n, Samuel Aguilar. Dijo que se les pedir\u00e1 respeto y que no se politicen temas como la seguridad p\u00fablica. En entrevista con medios [&hellip;]<\/p>\n","protected":false},"author":4,"featured_media":56677,"comment_status":"open","ping_status":"open","sticky":false,"template":"","format":"standard","meta":{"om_disable_all_campaigns":false,"_monsterinsights_skip_tracking":false,"_monsterinsights_sitenote_active":false,"_monsterinsights_sitenote_note":"","_monsterinsights_sitenote_category":0,"footnotes":""},"categories":[175],"tags":[239,223],"class_list":["post-56676","post","type-post","status-publish","format-standard","has-post-thumbnail","hentry","category-local","tag-gobierno","tag-puebla"],"amp_enabled":true,"_links":{"self":[{"href":"https:\/\/lahora.mx\/index.php\/wp-json\/wp\/v2\/posts\/56676","targetHints":{"allow":["GET"]}}],"collection":[{"href":"https:\/\/lahora.mx\/index.php\/wp-json\/wp\/v2\/posts"}],"about":[{"href":"https:\/\/lahora.mx\/index.php\/wp-json\/wp\/v2\/types\/post"}],"author":[{"embeddable":true,"href":"https:\/\/lahora.mx\/index.php\/wp-json\/wp\/v2\/users\/4"}],"replies":[{"embeddable":true,"href":"https:\/\/lahora.mx\/index.php\/wp-json\/wp\/v2\/comments?post=56676"}],"version-history":[{"count":1,"href":"https:\/\/lahora.mx\/index.php\/wp-json\/wp\/v2\/posts\/56676\/revisions"}],"predecessor-version":[{"id":56678,"href":"https:\/\/lahora.mx\/index.php\/wp-json\/wp\/v2\/posts\/56676\/revisions\/56678"}],"wp:featuredmedia":[{"embeddable":true,"href":"https:\/\/lahora.mx\/index.php\/wp-json\/wp\/v2\/media\/56677"}],"wp:attachment":[{"href":"https:\/\/lahora.mx\/index.php\/wp-json\/wp\/v2\/media?parent=56676"}],"wp:term":[{"taxonomy":"category","embeddable":true,"href":"https:\/\/lahora.mx\/index.php\/wp-json\/wp\/v2\/categories?post=56676"},{"taxonomy":"post_tag","embeddable":true,"href":"https:\/\/lahora.mx\/index.php\/wp-json\/wp\/v2\/tags?post=56676"}],"curies":[{"name":"wp","href":"https:\/\/api.w.org\/{rel}","templated":true}]}}