{"id":56626,"date":"2024-12-24T00:30:19","date_gmt":"2024-12-24T00:30:19","guid":{"rendered":"https:\/\/lahora.mx\/?p=56626"},"modified":"2024-12-24T00:30:19","modified_gmt":"2024-12-24T00:30:19","slug":"la-primer-navidad-de-mexico-se-celebro-hace-505-anos-en-tlaxcala","status":"publish","type":"post","link":"https:\/\/lahora.mx\/index.php\/2024\/12\/24\/la-primer-navidad-de-mexico-se-celebro-hace-505-anos-en-tlaxcala\/","title":{"rendered":"La primer Navidad de M\u00e9xico se celebr\u00f3 hace 505 a\u00f1os en Tlaxcala"},"content":{"rendered":"\n<p>Este 25 de diciembre celebramos 505 a\u00f1os de una de las tradiciones m\u00e1s arraigadas en M\u00e9xico: la Navidad. En 1519, en Tlaxcala, se llev\u00f3 a cabo la primera celebraci\u00f3n navide\u00f1a en territorio mexicano, marcando el inicio de una fusi\u00f3n \u00fanica entre las costumbres ind\u00edgenas y las tradiciones europeas.<\/p>\n\n\n\n<p>El historiador Jorge Eugenio Traslosheros Hern\u00e1ndez se\u00f1ala que esta primera Navidad fue mucho m\u00e1s que un acto religioso. Fue el reflejo de un mestizaje cultural que estaba dando forma a una nueva identidad mexicana. Los franciscanos, quienes adaptaron las tradiciones navide\u00f1as a las costumbres locales, jugaron un papel fundamental en este proceso.<\/p>\n\n\n\n<p>Hoy en d\u00eda, la Navidad en M\u00e9xico trasciende la religi\u00f3n y se ha convertido en un s\u00edmbolo de unidad, esperanza y reflexi\u00f3n. Independientemente de nuestras creencias, esta festividad nos invita a compartir momentos especiales con nuestros seres queridos y a so\u00f1ar con un futuro mejor.<\/p>\n\n\n\n<p>A pesar de los intentos de presentar la Navidad como una tradici\u00f3n ajena, es innegable su origen mestizo. La Navidad en M\u00e9xico es producto de un encuentro de culturas que ha enriquecido nuestra identidad.<\/p>\n\n\n\n<p>Las posadas, con sus villancicos y pi\u00f1atas, son una tradici\u00f3n muy arraigada en nuestro pa\u00eds. Adem\u00e1s, la representaci\u00f3n del nacimiento de Jes\u00fas es un elemento central de la Navidad en M\u00e9xico, y cada familia tiene su propio nacimiento, con figuras que reflejan las tradiciones locales. Al mismo tiempo, la gastronom\u00eda navide\u00f1a mexicana es muy rica y variada, con platillos como el pavo, el romeritos y los tamales.<\/p>\n","protected":false},"excerpt":{"rendered":"<p>Este 25 de diciembre celebramos 505 a\u00f1os de una de las tradiciones m\u00e1s arraigadas en M\u00e9xico: la Navidad. En 1519, en Tlaxcala, se llev\u00f3 a cabo la primera celebraci\u00f3n navide\u00f1a en territorio mexicano, marcando el inicio de una fusi\u00f3n \u00fanica entre las costumbres ind\u00edgenas y las tradiciones europeas. El historiador Jorge Eugenio Traslosheros Hern\u00e1ndez se\u00f1ala [&hellip;]<\/p>\n","protected":false},"author":4,"featured_media":56627,"comment_status":"open","ping_status":"open","sticky":false,"template":"","format":"standard","meta":{"om_disable_all_campaigns":false,"_monsterinsights_skip_tracking":false,"_monsterinsights_sitenote_active":false,"_monsterinsights_sitenote_note":"","_monsterinsights_sitenote_category":0,"footnotes":""},"categories":[3],"tags":[223,210],"class_list":["post-56626","post","type-post","status-publish","format-standard","has-post-thumbnail","hentry","category-entretenimiento","tag-puebla","tag-tlaxcala"],"amp_enabled":true,"_links":{"self":[{"href":"https:\/\/lahora.mx\/index.php\/wp-json\/wp\/v2\/posts\/56626","targetHints":{"allow":["GET"]}}],"collection":[{"href":"https:\/\/lahora.mx\/index.php\/wp-json\/wp\/v2\/posts"}],"about":[{"href":"https:\/\/lahora.mx\/index.php\/wp-json\/wp\/v2\/types\/post"}],"author":[{"embeddable":true,"href":"https:\/\/lahora.mx\/index.php\/wp-json\/wp\/v2\/users\/4"}],"replies":[{"embeddable":true,"href":"https:\/\/lahora.mx\/index.php\/wp-json\/wp\/v2\/comments?post=56626"}],"version-history":[{"count":1,"href":"https:\/\/lahora.mx\/index.php\/wp-json\/wp\/v2\/posts\/56626\/revisions"}],"predecessor-version":[{"id":56628,"href":"https:\/\/lahora.mx\/index.php\/wp-json\/wp\/v2\/posts\/56626\/revisions\/56628"}],"wp:featuredmedia":[{"embeddable":true,"href":"https:\/\/lahora.mx\/index.php\/wp-json\/wp\/v2\/media\/56627"}],"wp:attachment":[{"href":"https:\/\/lahora.mx\/index.php\/wp-json\/wp\/v2\/media?parent=56626"}],"wp:term":[{"taxonomy":"category","embeddable":true,"href":"https:\/\/lahora.mx\/index.php\/wp-json\/wp\/v2\/categories?post=56626"},{"taxonomy":"post_tag","embeddable":true,"href":"https:\/\/lahora.mx\/index.php\/wp-json\/wp\/v2\/tags?post=56626"}],"curies":[{"name":"wp","href":"https:\/\/api.w.org\/{rel}","templated":true}]}}