{"id":5660,"date":"2022-04-19T02:54:16","date_gmt":"2022-04-19T02:54:16","guid":{"rendered":"http:\/\/lahora.mx\/?p=5660"},"modified":"2022-04-19T02:54:17","modified_gmt":"2022-04-19T02:54:17","slug":"gobierno-de-tlaxcala-presenta-la-secretaria-de-bienestar","status":"publish","type":"post","link":"https:\/\/lahora.mx\/index.php\/2022\/04\/19\/gobierno-de-tlaxcala-presenta-la-secretaria-de-bienestar\/","title":{"rendered":"Gobierno de Tlaxcala  presenta la Secretar\u00eda de Bienestar"},"content":{"rendered":"\n<p>La ma\u00f1ana este lunes\u00a0<strong>el gobierno del estado present\u00f3 oficialmente a la Secretar\u00eda del Bienestar\u00a0del estado, dependencia que naci\u00f3 el primer d\u00eda de este a\u00f1o y cuya labor ser\u00e1 la implementaci\u00f3n<\/strong>\u00a0de pol\u00edticas p\u00fablicas para combatir la pobreza, la exclusi\u00f3n, la desigualdad y la marginaci\u00f3n.<br><\/p>\n\n\n\n<p>En el patio\u00a0<strong>central de Palacio de Gobierno , la gobernadora Lorena Cu\u00e9llar Cisneros detall\u00f3 que la dependencia ejecutar\u00e1\u00a0\u00a0una amplia estrategia con beneficios alimentarios<\/strong>, atenci\u00f3n a grupos prioritarios, personas sin seguridad social, acceso a servicios de salud, de asistencia social y vivienda, entre otros.<\/p>\n\n\n\n<p>Acompa\u00f1ada de<strong>\u00a0Mar\u00eda Estela \u00c1lvarez Corona, Secretaria de Bienestar en Tlaxcala; de Mar\u00eda Fernanda Espinosa de los Monteros Cu\u00e9llar<\/strong>, presidenta del comit\u00e9 consultivo de esa dependencia, y de Carlos Luna V\u00e1zquez, delegado en el estado de la Secretar\u00eda del Bienestar federal, asever\u00f3 que la intenci\u00f3n es lograr la reconstrucci\u00f3n del estado de bienestar.<br>A su vez,\u00a0<strong>Mar\u00eda Fernanda Espinosa de los Monteros Cu\u00e9llar, detall\u00f3 que el comit\u00e9 consultivo\u00a0que encabeza ser\u00e1 el encargado de analizar,\u00a0<\/strong>evaluar y proponer programas, acciones y estrategias innovadoras que contribuyan al cumplimiento del Plan Estatal de Desarrollo.<\/p>\n","protected":false},"excerpt":{"rendered":"<p>La ma\u00f1ana este lunes\u00a0el gobierno del estado present\u00f3 oficialmente a la Secretar\u00eda del Bienestar\u00a0del estado, dependencia que naci\u00f3 el primer d\u00eda de este a\u00f1o y cuya labor ser\u00e1 la implementaci\u00f3n\u00a0de pol\u00edticas p\u00fablicas para combatir la pobreza, la exclusi\u00f3n, la desigualdad y la marginaci\u00f3n. En el patio\u00a0central de Palacio de Gobierno , la gobernadora Lorena Cu\u00e9llar [&hellip;]<\/p>\n","protected":false},"author":4,"featured_media":5661,"comment_status":"open","ping_status":"open","sticky":false,"template":"","format":"standard","meta":{"om_disable_all_campaigns":false,"_monsterinsights_skip_tracking":false,"_monsterinsights_sitenote_active":false,"_monsterinsights_sitenote_note":"","_monsterinsights_sitenote_category":0,"footnotes":""},"categories":[176],"tags":[195],"class_list":["post-5660","post","type-post","status-publish","format-standard","has-post-thumbnail","hentry","category-nacional","tag-principal"],"amp_enabled":true,"_links":{"self":[{"href":"https:\/\/lahora.mx\/index.php\/wp-json\/wp\/v2\/posts\/5660","targetHints":{"allow":["GET"]}}],"collection":[{"href":"https:\/\/lahora.mx\/index.php\/wp-json\/wp\/v2\/posts"}],"about":[{"href":"https:\/\/lahora.mx\/index.php\/wp-json\/wp\/v2\/types\/post"}],"author":[{"embeddable":true,"href":"https:\/\/lahora.mx\/index.php\/wp-json\/wp\/v2\/users\/4"}],"replies":[{"embeddable":true,"href":"https:\/\/lahora.mx\/index.php\/wp-json\/wp\/v2\/comments?post=5660"}],"version-history":[{"count":1,"href":"https:\/\/lahora.mx\/index.php\/wp-json\/wp\/v2\/posts\/5660\/revisions"}],"predecessor-version":[{"id":5662,"href":"https:\/\/lahora.mx\/index.php\/wp-json\/wp\/v2\/posts\/5660\/revisions\/5662"}],"wp:featuredmedia":[{"embeddable":true,"href":"https:\/\/lahora.mx\/index.php\/wp-json\/wp\/v2\/media\/5661"}],"wp:attachment":[{"href":"https:\/\/lahora.mx\/index.php\/wp-json\/wp\/v2\/media?parent=5660"}],"wp:term":[{"taxonomy":"category","embeddable":true,"href":"https:\/\/lahora.mx\/index.php\/wp-json\/wp\/v2\/categories?post=5660"},{"taxonomy":"post_tag","embeddable":true,"href":"https:\/\/lahora.mx\/index.php\/wp-json\/wp\/v2\/tags?post=5660"}],"curies":[{"name":"wp","href":"https:\/\/api.w.org\/{rel}","templated":true}]}}