{"id":56598,"date":"2024-12-23T18:03:07","date_gmt":"2024-12-23T18:03:07","guid":{"rendered":"https:\/\/lahora.mx\/?p=56598"},"modified":"2024-12-23T18:03:07","modified_gmt":"2024-12-23T18:03:07","slug":"tlaxcala-es-reconocida-por-su-apoyo-a-migrantes-en-carnaval-de-nueva-york","status":"publish","type":"post","link":"https:\/\/lahora.mx\/index.php\/2024\/12\/23\/tlaxcala-es-reconocida-por-su-apoyo-a-migrantes-en-carnaval-de-nueva-york\/","title":{"rendered":"Tlaxcala es reconocida por su apoyo a migrantes en Carnaval de Nueva York"},"content":{"rendered":"\n<p>En el marco del 40 aniversario del carnaval organizado por las \u00abComisiones Unidas\u00bb en la zona triestatal de Estados Unidos, el gobierno de Tlaxcala recibi\u00f3 un reconocimiento por su labor en beneficio de la comunidad migrante tlaxcalteca.<\/p>\n\n\n\n<p>Este evento, que re\u00fane a miles de connacionales en una celebraci\u00f3n de la cultura y las tradiciones de Tlaxcala, se ha convertido en un s\u00edmbolo de la uni\u00f3n y el orgullo de los migrantes tlaxcaltecas en Estados Unidos.<\/p>\n\n\n\n<p>Durante el evento, se destac\u00f3 la labor del gobierno de Tlaxcala a trav\u00e9s de programas como \u00abUniendo Historias\u00bb, que busca facilitar el reencuentro de familias separadas por la migraci\u00f3n. Adem\u00e1s, se resalt\u00f3 la promoci\u00f3n de la cultura tlaxcalteca en el extranjero, lo cual fortalece los lazos entre los migrantes y su tierra natal.<\/p>\n\n\n\n<p>Un reconocimiento a la comunidad migrante<br>El reconocimiento al gobierno de Tlaxcala fue un momento emotivo para los presentes, quienes agradecieron el apoyo brindado a la comunidad migrante. Los l\u00edderes de las \u00abComisiones Unidas\u00bb destacaron la importancia de preservar las tradiciones y la cultura tlaxcalteca en Estados Unidos, y resaltaron el esfuerzo de los migrantes por salir adelante en un pa\u00eds extranjero.<\/p>\n\n\n\n<p>El carnaval organizado por las \u00abComisiones Unidas\u00bb es una tradici\u00f3n que se ha mantenido viva por m\u00e1s de cuatro d\u00e9cadas. Este evento, que se celebra en las ciudades de Nueva York, New Jersey y Connecticut, es una muestra del arraigo y la identidad de los migrantes tlaxcaltecas.<\/p>\n","protected":false},"excerpt":{"rendered":"<p>En el marco del 40 aniversario del carnaval organizado por las \u00abComisiones Unidas\u00bb en la zona triestatal de Estados Unidos, el gobierno de Tlaxcala recibi\u00f3 un reconocimiento por su labor en beneficio de la comunidad migrante tlaxcalteca. Este evento, que re\u00fane a miles de connacionales en una celebraci\u00f3n de la cultura y las tradiciones de [&hellip;]<\/p>\n","protected":false},"author":4,"featured_media":56599,"comment_status":"open","ping_status":"open","sticky":false,"template":"","format":"standard","meta":{"om_disable_all_campaigns":false,"_monsterinsights_skip_tracking":false,"_monsterinsights_sitenote_active":false,"_monsterinsights_sitenote_note":"","_monsterinsights_sitenote_category":0,"footnotes":""},"categories":[175],"tags":[223,210],"class_list":["post-56598","post","type-post","status-publish","format-standard","has-post-thumbnail","hentry","category-local","tag-puebla","tag-tlaxcala"],"amp_enabled":true,"_links":{"self":[{"href":"https:\/\/lahora.mx\/index.php\/wp-json\/wp\/v2\/posts\/56598","targetHints":{"allow":["GET"]}}],"collection":[{"href":"https:\/\/lahora.mx\/index.php\/wp-json\/wp\/v2\/posts"}],"about":[{"href":"https:\/\/lahora.mx\/index.php\/wp-json\/wp\/v2\/types\/post"}],"author":[{"embeddable":true,"href":"https:\/\/lahora.mx\/index.php\/wp-json\/wp\/v2\/users\/4"}],"replies":[{"embeddable":true,"href":"https:\/\/lahora.mx\/index.php\/wp-json\/wp\/v2\/comments?post=56598"}],"version-history":[{"count":1,"href":"https:\/\/lahora.mx\/index.php\/wp-json\/wp\/v2\/posts\/56598\/revisions"}],"predecessor-version":[{"id":56600,"href":"https:\/\/lahora.mx\/index.php\/wp-json\/wp\/v2\/posts\/56598\/revisions\/56600"}],"wp:featuredmedia":[{"embeddable":true,"href":"https:\/\/lahora.mx\/index.php\/wp-json\/wp\/v2\/media\/56599"}],"wp:attachment":[{"href":"https:\/\/lahora.mx\/index.php\/wp-json\/wp\/v2\/media?parent=56598"}],"wp:term":[{"taxonomy":"category","embeddable":true,"href":"https:\/\/lahora.mx\/index.php\/wp-json\/wp\/v2\/categories?post=56598"},{"taxonomy":"post_tag","embeddable":true,"href":"https:\/\/lahora.mx\/index.php\/wp-json\/wp\/v2\/tags?post=56598"}],"curies":[{"name":"wp","href":"https:\/\/api.w.org\/{rel}","templated":true}]}}