{"id":56464,"date":"2024-12-19T17:30:12","date_gmt":"2024-12-19T17:30:12","guid":{"rendered":"https:\/\/lahora.mx\/?p=56464"},"modified":"2024-12-19T17:30:13","modified_gmt":"2024-12-19T17:30:13","slug":"dos-muertos-tras-motin-en-penal-de-villahermosa-tabasco","status":"publish","type":"post","link":"https:\/\/lahora.mx\/index.php\/2024\/12\/19\/dos-muertos-tras-motin-en-penal-de-villahermosa-tabasco\/","title":{"rendered":"Dos muertos tras Mot\u00edn en penal de Villahermosa, Tabasco"},"content":{"rendered":"\n<p class=\"wp-block-paragraph\">El mot\u00edn que se registr\u00f3 en el penal de Villahermosa, Tabasco, desde las primeras horas de este jueves 19 de diciembre dej\u00f3 un saldo preliminar de dos muertos, de acuerdo con el fiscal de la entidad, Jos\u00e9 Barajas Mej\u00eda, quien acudi\u00f3 hasta el lugar para verificar la situaci\u00f3n.<\/p>\n\n\n\n<p class=\"wp-block-paragraph\">\u201cSolamente dos personas fallecidas. Ustedes son testigos que yo no he pasado. Estoy tratando de acercarles la informaci\u00f3n\u00bb, dijo el fiscal de Tabasco a familiares de los internos que se encuentran en el exterior.<\/p>\n\n\n\n<p class=\"wp-block-paragraph\">Ante la desesperaci\u00f3n al no tener mayor informaci\u00f3n, los familiares de los internos lanzaron insultos al fiscal, quien los llam\u00f3 a mantener la calma y se comprometi\u00f3 a brindarles mayores datos de lo ocurrido.<\/p>\n\n\n\n<p class=\"wp-block-paragraph\">\u00abQuiero facilitarles la informaci\u00f3n a ustedes, en atenci\u00f3n a su familia. Entiendo su dolor, entiendo su desesperaci\u00f3n, entiendo su frustraci\u00f3n, pero debemos guardar la calma todos\u00bb, coment\u00f3.<\/p>\n\n\n\n<p class=\"wp-block-paragraph\">Mot\u00edn en penal de Villahermosa inici\u00f3 en la madrugada<br>Fue aproximadamente a las 5:00 horas de este jueves que familiares de los internos empezaron a recibir llamadas alert\u00e1ndolos de la situaci\u00f3n en el Centro de Reinserci\u00f3n Social del Estado de Tabasco (Creset), por lo que se trasladaron al lugar en busca de informaci\u00f3n de lo que ocurr\u00eda al interior.<\/p>\n","protected":false},"excerpt":{"rendered":"<p>El mot\u00edn que se registr\u00f3 en el penal de Villahermosa, Tabasco, desde las primeras horas de este jueves 19 de diciembre dej\u00f3 un saldo preliminar de dos muertos, de acuerdo con el fiscal de la entidad, Jos\u00e9 Barajas Mej\u00eda, quien acudi\u00f3 hasta el lugar para verificar la situaci\u00f3n. \u201cSolamente dos personas fallecidas. Ustedes son testigos [&hellip;]<\/p>\n","protected":false},"author":4,"featured_media":56465,"comment_status":"open","ping_status":"open","sticky":false,"template":"","format":"standard","meta":{"om_disable_all_campaigns":false,"_monsterinsights_skip_tracking":false,"footnotes":""},"categories":[176,226],"tags":[],"class_list":["post-56464","post","type-post","status-publish","format-standard","has-post-thumbnail","hentry","category-nacional","category-policia"],"amp_enabled":true,"_links":{"self":[{"href":"https:\/\/lahora.mx\/index.php\/wp-json\/wp\/v2\/posts\/56464","targetHints":{"allow":["GET"]}}],"collection":[{"href":"https:\/\/lahora.mx\/index.php\/wp-json\/wp\/v2\/posts"}],"about":[{"href":"https:\/\/lahora.mx\/index.php\/wp-json\/wp\/v2\/types\/post"}],"author":[{"embeddable":true,"href":"https:\/\/lahora.mx\/index.php\/wp-json\/wp\/v2\/users\/4"}],"replies":[{"embeddable":true,"href":"https:\/\/lahora.mx\/index.php\/wp-json\/wp\/v2\/comments?post=56464"}],"version-history":[{"count":1,"href":"https:\/\/lahora.mx\/index.php\/wp-json\/wp\/v2\/posts\/56464\/revisions"}],"predecessor-version":[{"id":56466,"href":"https:\/\/lahora.mx\/index.php\/wp-json\/wp\/v2\/posts\/56464\/revisions\/56466"}],"wp:featuredmedia":[{"embeddable":true,"href":"https:\/\/lahora.mx\/index.php\/wp-json\/wp\/v2\/media\/56465"}],"wp:attachment":[{"href":"https:\/\/lahora.mx\/index.php\/wp-json\/wp\/v2\/media?parent=56464"}],"wp:term":[{"taxonomy":"category","embeddable":true,"href":"https:\/\/lahora.mx\/index.php\/wp-json\/wp\/v2\/categories?post=56464"},{"taxonomy":"post_tag","embeddable":true,"href":"https:\/\/lahora.mx\/index.php\/wp-json\/wp\/v2\/tags?post=56464"}],"curies":[{"name":"wp","href":"https:\/\/api.w.org\/{rel}","templated":true}]}}