{"id":56448,"date":"2024-12-19T00:38:03","date_gmt":"2024-12-19T00:38:03","guid":{"rendered":"https:\/\/lahora.mx\/?p=56448"},"modified":"2024-12-19T00:38:04","modified_gmt":"2024-12-19T00:38:04","slug":"vocero-del-infonavit-su-hija-y-tres-mas-mueren-en-choque-frontal-sobre-la-autopista-puebla-tlaxcala","status":"publish","type":"post","link":"https:\/\/lahora.mx\/index.php\/2024\/12\/19\/vocero-del-infonavit-su-hija-y-tres-mas-mueren-en-choque-frontal-sobre-la-autopista-puebla-tlaxcala\/","title":{"rendered":"Vocero del Infonavit, su hija y tres m\u00e1s, mueren en choque frontal sobre la autopista Puebla-Tlaxcala"},"content":{"rendered":"\n<p>Un tr\u00e1gico accidente en la autopista Tlaxcala-Puebla, a la altura de San Jer\u00f3nimo Zacualpan, dej\u00f3 como saldo cinco personas fallecidas, entre ellas una menor de edad, y cinco lesionados. Entre las v\u00edctimas mortales se encuentran Jos\u00e9 Miguel Meneses, vocero de la delegaci\u00f3n Infonavit Tlaxcala, y su peque\u00f1a hija.<\/p>\n\n\n\n<p>El accidente ocurri\u00f3 la noche del martes 17 de diciembre de 2024, alrededor de las 23:00 horas, cuando un veh\u00edculo invadi\u00f3 el carril contrario, ocasionando un choque frontal entre un Charger gris y un K\u00eda blanco. Testigos se\u00f1alan que uno de los conductores habr\u00eda manejado en estado de ebriedad, lo que pudo ser la causa del siniestro.<\/p>\n\n\n\n<p>La colisi\u00f3n ocurri\u00f3 en el kil\u00f3metro 12 de la autopista, cerca de la caseta de Zacatelco. Ambos sentidos de la v\u00eda fueron cerrados mientras equipos de emergencia atend\u00edan el incidente. Los cuerpos de las v\u00edctimas, inclu\u00eddos los del vocero de la delegaci\u00f3n Infonavit Tlaxcala y su peque\u00f1a hija, quedaron atrapados entre los fierros retorcidos, lo que oblig\u00f3 a los bomberos a utilizar equipo especializado para rescatarlos.<\/p>\n\n\n\n<p>La madrugada del mi\u00e9rcoles 18 se realizaron las labores de levantamiento de los cad\u00e1veres y traslado de los heridos a hospitales cercanos. Al lugar acudieron al menos cinco corporaciones de bomberos y equipos de rescate, quienes trabajaron coordinadamente para atender la emergencia.<\/p>\n\n\n\n<p>Las autoridades han iniciado las investigaciones correspondientes para esclarecer los hechos y deslindar responsabilidades.<\/p>\n","protected":false},"excerpt":{"rendered":"<p>Un tr\u00e1gico accidente en la autopista Tlaxcala-Puebla, a la altura de San Jer\u00f3nimo Zacualpan, dej\u00f3 como saldo cinco personas fallecidas, entre ellas una menor de edad, y cinco lesionados. Entre las v\u00edctimas mortales se encuentran Jos\u00e9 Miguel Meneses, vocero de la delegaci\u00f3n Infonavit Tlaxcala, y su peque\u00f1a hija. El accidente ocurri\u00f3 la noche del martes [&hellip;]<\/p>\n","protected":false},"author":4,"featured_media":56449,"comment_status":"open","ping_status":"open","sticky":false,"template":"","format":"standard","meta":{"om_disable_all_campaigns":false,"_monsterinsights_skip_tracking":false,"_monsterinsights_sitenote_active":false,"_monsterinsights_sitenote_note":"","_monsterinsights_sitenote_category":0,"footnotes":""},"categories":[175],"tags":[223,210],"class_list":["post-56448","post","type-post","status-publish","format-standard","has-post-thumbnail","hentry","category-local","tag-puebla","tag-tlaxcala"],"amp_enabled":true,"_links":{"self":[{"href":"https:\/\/lahora.mx\/index.php\/wp-json\/wp\/v2\/posts\/56448","targetHints":{"allow":["GET"]}}],"collection":[{"href":"https:\/\/lahora.mx\/index.php\/wp-json\/wp\/v2\/posts"}],"about":[{"href":"https:\/\/lahora.mx\/index.php\/wp-json\/wp\/v2\/types\/post"}],"author":[{"embeddable":true,"href":"https:\/\/lahora.mx\/index.php\/wp-json\/wp\/v2\/users\/4"}],"replies":[{"embeddable":true,"href":"https:\/\/lahora.mx\/index.php\/wp-json\/wp\/v2\/comments?post=56448"}],"version-history":[{"count":1,"href":"https:\/\/lahora.mx\/index.php\/wp-json\/wp\/v2\/posts\/56448\/revisions"}],"predecessor-version":[{"id":56450,"href":"https:\/\/lahora.mx\/index.php\/wp-json\/wp\/v2\/posts\/56448\/revisions\/56450"}],"wp:featuredmedia":[{"embeddable":true,"href":"https:\/\/lahora.mx\/index.php\/wp-json\/wp\/v2\/media\/56449"}],"wp:attachment":[{"href":"https:\/\/lahora.mx\/index.php\/wp-json\/wp\/v2\/media?parent=56448"}],"wp:term":[{"taxonomy":"category","embeddable":true,"href":"https:\/\/lahora.mx\/index.php\/wp-json\/wp\/v2\/categories?post=56448"},{"taxonomy":"post_tag","embeddable":true,"href":"https:\/\/lahora.mx\/index.php\/wp-json\/wp\/v2\/tags?post=56448"}],"curies":[{"name":"wp","href":"https:\/\/api.w.org\/{rel}","templated":true}]}}