{"id":56422,"date":"2024-12-18T18:43:06","date_gmt":"2024-12-18T18:43:06","guid":{"rendered":"https:\/\/lahora.mx\/?p=56422"},"modified":"2024-12-18T18:43:06","modified_gmt":"2024-12-18T18:43:06","slug":"checo-perez-confirma-su-salida-de-red-bull-en-la-f1","status":"publish","type":"post","link":"https:\/\/lahora.mx\/index.php\/2024\/12\/18\/checo-perez-confirma-su-salida-de-red-bull-en-la-f1\/","title":{"rendered":"Checo P\u00e9rez confirma su salida de Red Bull en la F1"},"content":{"rendered":"\n<p>Tras cuatro temporadas como piloto de la escuder\u00eda de Oracle Red Bull Racing el corredor mexicano Sergio \u201cCheco\u201d P\u00e9rez anunci\u00f3 su salida del equipo.<\/p>\n\n\n\n<p>A trav\u00e9s de un comunicado en sus redes sociales, Sergio \u201cCheco P\u00e9rez, piloto de la F\u00f3rmula 1 hizo oficial su salida de la escuder\u00eda y agradeci\u00f3 la oportunidad brindada estos cuatro a\u00f1os.<\/p>\n\n\n\n<p>\u201cCheco\u201d P\u00e9rez jug\u00f3 un papel importante dentro de Red Bull ya que durante las cuatro temporadas tras el monoplaza logr\u00f3 m\u00faltiples victorias y dos campeonatos de constructores.<\/p>\n\n\n\n<p>De igual manera el piloto tapat\u00edo present\u00f3 su agradecimiento a la escuder\u00eda \u201cestoy sumamente agradecido por los cuatro a\u00f1os con Red Bull Racing y por la oportunidad de correr con un equipo incre\u00edble\u201d.<\/p>\n\n\n\n<p>A pesar de que el contrato de Sergio \u201cCheco\u201d P\u00e9rez se extend\u00eda hasta el 2025 el piloto anunci\u00f3 que su relaci\u00f3n con la escuder\u00eda a concluido marcando el fin de una era.<\/p>\n\n\n\n<p>La temporada 2024 de la F\u00f3rmula 1 no fue la mejor para el piloto mexicano ya que durante este a\u00f1o no logr\u00f3 llevarse el triunfo en alguna de las competencias aunque se subi\u00f3 al podio en cuatro ocasiones al inicio del torneo.<\/p>\n\n\n\n<p>Sergio \u201cCheco\u201d P\u00e9rez finaliz\u00f3 la temporada con 152 puntos lo que le cost\u00f3 el campeonato de constructores a Red Bull.<\/p>\n\n\n\n<p>Como parte de sus logros en la escuder\u00eda \u201cCheco\u201d P\u00e9rez se coron\u00f3 campe\u00f3n en el Gran Premio de Azerbaiy\u00e1n 2021, GP de Monza 2022, GP de Singapur 2022, GP de Arabia Saudita 2023 y el GP de Azerbaiy\u00e1n 2023.<\/p>\n","protected":false},"excerpt":{"rendered":"<p>Tras cuatro temporadas como piloto de la escuder\u00eda de Oracle Red Bull Racing el corredor mexicano Sergio \u201cCheco\u201d P\u00e9rez anunci\u00f3 su salida del equipo. A trav\u00e9s de un comunicado en sus redes sociales, Sergio \u201cCheco P\u00e9rez, piloto de la F\u00f3rmula 1 hizo oficial su salida de la escuder\u00eda y agradeci\u00f3 la oportunidad brindada estos cuatro [&hellip;]<\/p>\n","protected":false},"author":4,"featured_media":56423,"comment_status":"open","ping_status":"open","sticky":false,"template":"","format":"standard","meta":{"om_disable_all_campaigns":false,"_monsterinsights_skip_tracking":false,"_monsterinsights_sitenote_active":false,"_monsterinsights_sitenote_note":"","_monsterinsights_sitenote_category":0,"footnotes":""},"categories":[6],"tags":[142],"class_list":["post-56422","post","type-post","status-publish","format-standard","has-post-thumbnail","hentry","category-sports","tag-sports"],"amp_enabled":true,"_links":{"self":[{"href":"https:\/\/lahora.mx\/index.php\/wp-json\/wp\/v2\/posts\/56422","targetHints":{"allow":["GET"]}}],"collection":[{"href":"https:\/\/lahora.mx\/index.php\/wp-json\/wp\/v2\/posts"}],"about":[{"href":"https:\/\/lahora.mx\/index.php\/wp-json\/wp\/v2\/types\/post"}],"author":[{"embeddable":true,"href":"https:\/\/lahora.mx\/index.php\/wp-json\/wp\/v2\/users\/4"}],"replies":[{"embeddable":true,"href":"https:\/\/lahora.mx\/index.php\/wp-json\/wp\/v2\/comments?post=56422"}],"version-history":[{"count":1,"href":"https:\/\/lahora.mx\/index.php\/wp-json\/wp\/v2\/posts\/56422\/revisions"}],"predecessor-version":[{"id":56424,"href":"https:\/\/lahora.mx\/index.php\/wp-json\/wp\/v2\/posts\/56422\/revisions\/56424"}],"wp:featuredmedia":[{"embeddable":true,"href":"https:\/\/lahora.mx\/index.php\/wp-json\/wp\/v2\/media\/56423"}],"wp:attachment":[{"href":"https:\/\/lahora.mx\/index.php\/wp-json\/wp\/v2\/media?parent=56422"}],"wp:term":[{"taxonomy":"category","embeddable":true,"href":"https:\/\/lahora.mx\/index.php\/wp-json\/wp\/v2\/categories?post=56422"},{"taxonomy":"post_tag","embeddable":true,"href":"https:\/\/lahora.mx\/index.php\/wp-json\/wp\/v2\/tags?post=56422"}],"curies":[{"name":"wp","href":"https:\/\/api.w.org\/{rel}","templated":true}]}}