{"id":56391,"date":"2024-12-18T01:14:52","date_gmt":"2024-12-18T01:14:52","guid":{"rendered":"https:\/\/lahora.mx\/?p=56391"},"modified":"2024-12-18T01:14:52","modified_gmt":"2024-12-18T01:14:52","slug":"el-cantante-raphael-sufre-accidente-cardiovascular-y-es-hospitalizado-de-emergencia","status":"publish","type":"post","link":"https:\/\/lahora.mx\/index.php\/2024\/12\/18\/el-cantante-raphael-sufre-accidente-cardiovascular-y-es-hospitalizado-de-emergencia\/","title":{"rendered":"El cantante Raphael sufre accidente cardiovascular y es hospitalizado de emergencia"},"content":{"rendered":"\n<p>El reconocido cantante Raphael, de 81 a\u00f1os, sufri\u00f3 un accidente cardiovascular este martes mientras participaba en la grabaci\u00f3n de una entrevista para un programa especial de La Revuelta de David Broncano. El hecho ocurri\u00f3 en el Teatro Pr\u00edncipe Gran V\u00eda, ubicado en el centro de Madrid.<\/p>\n\n\n\n<p>Seg\u00fan las primeras informaciones, el incidente tuvo lugar antes de las 7:30 de la tarde (hora de Espa\u00f1a). El aviso fue recibido por el Servicio de Emergencias de la Comunidad de Madrid y la alerta proced\u00eda de la calle Tres Cruces, direcci\u00f3n exacta del teatro donde se llevaba a cabo la grabaci\u00f3n del programa para Televisi\u00f3n Espa\u00f1ola.<br>Diversas fuentes policiales confirmaron que el artista fue trasladado de manera urgente al hospital.<br>La unidad de emergencias lleg\u00f3 al lugar poco despu\u00e9s del aviso y, ante la situaci\u00f3n, se decidi\u00f3 llevar a Raphael al Hospital Cl\u00ednico San Carlos. Actualmente, el cantante se encuentra ingresado en dicho centro, donde est\u00e1 recibiendo atenci\u00f3n m\u00e9dica especializada.<\/p>\n\n\n\n<p>Raphael<br>A sus 81 a\u00f1os, Raphael contin\u00faa siendo una figura ic\u00f3nica en la m\u00fasica espa\u00f1ola, con d\u00e9cadas de \u00e9xitos en su carrera.<\/p>\n\n\n\n<p>Hasta el momento, no se ha emitido ning\u00fan comunicado oficial sobre el estado de salud actual del cantante, pero se espera que en las pr\u00f3ximas horas se brinden m\u00e1s detalles.<\/p>\n\n\n\n<p>Ser\u00e1 en marzo del 2025 cuando Raphael se presente en M\u00e9xico, en esta ocasi\u00f3n ser\u00e1 parte del festival Vive Latino.<\/p>\n","protected":false},"excerpt":{"rendered":"<p>El reconocido cantante Raphael, de 81 a\u00f1os, sufri\u00f3 un accidente cardiovascular este martes mientras participaba en la grabaci\u00f3n de una entrevista para un programa especial de La Revuelta de David Broncano. El hecho ocurri\u00f3 en el Teatro Pr\u00edncipe Gran V\u00eda, ubicado en el centro de Madrid. Seg\u00fan las primeras informaciones, el incidente tuvo lugar antes [&hellip;]<\/p>\n","protected":false},"author":4,"featured_media":56392,"comment_status":"open","ping_status":"open","sticky":false,"template":"","format":"standard","meta":{"om_disable_all_campaigns":false,"_monsterinsights_skip_tracking":false,"_monsterinsights_sitenote_active":false,"_monsterinsights_sitenote_note":"","_monsterinsights_sitenote_category":0,"footnotes":""},"categories":[3],"tags":[],"class_list":["post-56391","post","type-post","status-publish","format-standard","has-post-thumbnail","hentry","category-entretenimiento"],"amp_enabled":true,"_links":{"self":[{"href":"https:\/\/lahora.mx\/index.php\/wp-json\/wp\/v2\/posts\/56391","targetHints":{"allow":["GET"]}}],"collection":[{"href":"https:\/\/lahora.mx\/index.php\/wp-json\/wp\/v2\/posts"}],"about":[{"href":"https:\/\/lahora.mx\/index.php\/wp-json\/wp\/v2\/types\/post"}],"author":[{"embeddable":true,"href":"https:\/\/lahora.mx\/index.php\/wp-json\/wp\/v2\/users\/4"}],"replies":[{"embeddable":true,"href":"https:\/\/lahora.mx\/index.php\/wp-json\/wp\/v2\/comments?post=56391"}],"version-history":[{"count":1,"href":"https:\/\/lahora.mx\/index.php\/wp-json\/wp\/v2\/posts\/56391\/revisions"}],"predecessor-version":[{"id":56393,"href":"https:\/\/lahora.mx\/index.php\/wp-json\/wp\/v2\/posts\/56391\/revisions\/56393"}],"wp:featuredmedia":[{"embeddable":true,"href":"https:\/\/lahora.mx\/index.php\/wp-json\/wp\/v2\/media\/56392"}],"wp:attachment":[{"href":"https:\/\/lahora.mx\/index.php\/wp-json\/wp\/v2\/media?parent=56391"}],"wp:term":[{"taxonomy":"category","embeddable":true,"href":"https:\/\/lahora.mx\/index.php\/wp-json\/wp\/v2\/categories?post=56391"},{"taxonomy":"post_tag","embeddable":true,"href":"https:\/\/lahora.mx\/index.php\/wp-json\/wp\/v2\/tags?post=56391"}],"curies":[{"name":"wp","href":"https:\/\/api.w.org\/{rel}","templated":true}]}}