{"id":56264,"date":"2024-12-13T19:53:24","date_gmt":"2024-12-13T19:53:24","guid":{"rendered":"https:\/\/lahora.mx\/?p=56264"},"modified":"2024-12-13T19:53:26","modified_gmt":"2024-12-13T19:53:26","slug":"roberto-solis-supervisa-construccion-de-domo-en-secundaria-plutarco-elias-calles-de-huejotzingo","status":"publish","type":"post","link":"https:\/\/lahora.mx\/index.php\/2024\/12\/13\/roberto-solis-supervisa-construccion-de-domo-en-secundaria-plutarco-elias-calles-de-huejotzingo\/","title":{"rendered":"Roberto Sol\u00eds supervisa construcci\u00f3n de domo en secundaria \u201cPlutarco El\u00edas Calles\u201d de Huejotzingo"},"content":{"rendered":"\n<p>Como parte de sus compromisos en su toma de protesta, el presidente Municipal de Huejotzingo, Roberto Sol\u00eds Valles, supervis\u00f3 la construcci\u00f3n de un domo en la Escuela Secundaria \u201cPlutarco El\u00edas Calles\u201d de la Cabecera. Este proyecto es un ejemplo claro de la prioridad que el Gobierno Municipal le da a la educaci\u00f3n.<\/p>\n\n\n\n<p>La obra fue posible gracias al apoyo del Gobierno del Estado, presidido por el mandatario Sergio Salom\u00f3n C\u00e9spedes Peregrina, quien logr\u00f3 la gesti\u00f3n a trav\u00e9s del Comit\u00e9 Administrador Poblano para la Construcci\u00f3n de Espacios Educativos (CAPCEE).<\/p>\n\n\n\n<p>El domo beneficiar\u00e1 a miles de estudiantes y profesores, mejorando su experiencia educativa y promoviendo un entorno de aprendizaje m\u00e1s inclusivo y seguro.<\/p>\n\n\n\n<p>La inversi\u00f3n y gesti\u00f3n en la educaci\u00f3n es prioridad para el Gobierno Municipal que encabeza el Presidente Roberto Sol\u00eds. Este proyecto es solo el comienzo de una serie de iniciativas que buscan mejorar la calidad de la educaci\u00f3n en el Municipio y sus ocho Juntas Auxiliares.<\/p>\n","protected":false},"excerpt":{"rendered":"<p>Como parte de sus compromisos en su toma de protesta, el presidente Municipal de Huejotzingo, Roberto Sol\u00eds Valles, supervis\u00f3 la construcci\u00f3n de un domo en la Escuela Secundaria \u201cPlutarco El\u00edas Calles\u201d de la Cabecera. Este proyecto es un ejemplo claro de la prioridad que el Gobierno Municipal le da a la educaci\u00f3n. La obra fue [&hellip;]<\/p>\n","protected":false},"author":4,"featured_media":56265,"comment_status":"open","ping_status":"open","sticky":false,"template":"","format":"standard","meta":{"om_disable_all_campaigns":false,"_monsterinsights_skip_tracking":false,"_monsterinsights_sitenote_active":false,"_monsterinsights_sitenote_note":"","_monsterinsights_sitenote_category":0,"footnotes":""},"categories":[175],"tags":[223],"class_list":["post-56264","post","type-post","status-publish","format-standard","has-post-thumbnail","hentry","category-local","tag-puebla"],"amp_enabled":true,"_links":{"self":[{"href":"https:\/\/lahora.mx\/index.php\/wp-json\/wp\/v2\/posts\/56264","targetHints":{"allow":["GET"]}}],"collection":[{"href":"https:\/\/lahora.mx\/index.php\/wp-json\/wp\/v2\/posts"}],"about":[{"href":"https:\/\/lahora.mx\/index.php\/wp-json\/wp\/v2\/types\/post"}],"author":[{"embeddable":true,"href":"https:\/\/lahora.mx\/index.php\/wp-json\/wp\/v2\/users\/4"}],"replies":[{"embeddable":true,"href":"https:\/\/lahora.mx\/index.php\/wp-json\/wp\/v2\/comments?post=56264"}],"version-history":[{"count":1,"href":"https:\/\/lahora.mx\/index.php\/wp-json\/wp\/v2\/posts\/56264\/revisions"}],"predecessor-version":[{"id":56266,"href":"https:\/\/lahora.mx\/index.php\/wp-json\/wp\/v2\/posts\/56264\/revisions\/56266"}],"wp:featuredmedia":[{"embeddable":true,"href":"https:\/\/lahora.mx\/index.php\/wp-json\/wp\/v2\/media\/56265"}],"wp:attachment":[{"href":"https:\/\/lahora.mx\/index.php\/wp-json\/wp\/v2\/media?parent=56264"}],"wp:term":[{"taxonomy":"category","embeddable":true,"href":"https:\/\/lahora.mx\/index.php\/wp-json\/wp\/v2\/categories?post=56264"},{"taxonomy":"post_tag","embeddable":true,"href":"https:\/\/lahora.mx\/index.php\/wp-json\/wp\/v2\/tags?post=56264"}],"curies":[{"name":"wp","href":"https:\/\/api.w.org\/{rel}","templated":true}]}}