{"id":5626,"date":"2021-04-21T10:28:00","date_gmt":"2021-04-21T10:28:00","guid":{"rendered":"http:\/\/lahora.mx\/?p=5626"},"modified":"2022-04-18T15:29:30","modified_gmt":"2022-04-18T15:29:30","slug":"dejare-huella-promete-lorena-cuellar","status":"publish","type":"post","link":"https:\/\/lahora.mx\/index.php\/2021\/04\/21\/dejare-huella-promete-lorena-cuellar\/","title":{"rendered":"Dejar\u00e9 huella, promete Lorena Cu\u00e9llar"},"content":{"rendered":"\n<p>Al destacar su firme posicionamiento en el pasado debate y resaltar sus propuestas por encima de las del resto de sus contendientes, la candidata de la coalici\u00f3n \u201cJuntos Haremos Historia en Tlaxcala\u201d, Lorena Cu\u00e9llar Cisneros, se comprometi\u00f3 a que desde el Gobierno del Estado va a dejar huella con un trabajo incansable diario.<br>En una reuni\u00f3n a la que fue invitada por vecinos del municipio de Yauhquemehcan, dijo que su labor ser\u00e1 para demostrar que \u201cTlaxcala s\u00ed existe\u201d y que dedicar\u00e1 muchas horas para sacar adelante a hombres y mujeres de todos los rincones de la entidad y de los diferentes sectores socioecon\u00f3micos.<br>\u201cQueremos que Tlaxcala sea ejemplo nacional, porque hay hombres y mujeres que son guerreros y en cualquier lugar donde hay un tlaxcalteca, siempre dejamos huella de nuestro trabajo\u2026 por eso como Gobernadora voy a dejar huella, voy a ser una gran labor para nuestro querido estado\u201d, expres\u00f3 entusiasta la candidata.<br><\/p>\n\n\n\n<p>Lorena Cu\u00e9llar refiri\u00f3 que una vez que logre el triunfo en las urnas el pr\u00f3ximo 6 de junio, convocar\u00e1 a la reconciliaci\u00f3n de toda la sociedad para poner en marcha un plan integral que tenga como firme prop\u00f3sito que le vaya bien a Tlaxcala en los rubros de: salud, educaci\u00f3n, seguridad, empleo e inversiones, as\u00ed como en la procuraci\u00f3n e impartici\u00f3n de justicia, entre muchos m\u00e1s.<\/p>\n\n\n\n<p>La abanderada de los partidos Morena, PT, PVEM, PEST y Nueva Alianza Tlaxcala, asever\u00f3 que a diario se suman a su proyecto m\u00e1s voluntades, como miembros de sindicatos, deportistas, artesanos, transportistas y del magisterio que quieren que le va muy vial al Estado.<\/p>\n\n\n\n<p>\u201cTodos los d\u00edas vamos sumando voluntades de todos los sectores, sumando conciencias de hombres y mujeres que quieren que le vaya bien a Tlaxcala y por eso no dudamos que el pr\u00f3ximo 6 de junio vamos a ganar de forma contundente\u201d, agreg\u00f3 Cu\u00e9llar Cisneros.<\/p>\n","protected":false},"excerpt":{"rendered":"<p>Al destacar su firme posicionamiento en el pasado debate y resaltar sus propuestas por encima de las del resto de sus contendientes, la candidata de la coalici\u00f3n \u201cJuntos Haremos Historia en Tlaxcala\u201d, Lorena Cu\u00e9llar Cisneros, se comprometi\u00f3 a que desde el Gobierno del Estado va a dejar huella con un trabajo incansable diario.En una reuni\u00f3n [&hellip;]<\/p>\n","protected":false},"author":4,"featured_media":5627,"comment_status":"open","ping_status":"open","sticky":false,"template":"","format":"standard","meta":{"om_disable_all_campaigns":false,"_monsterinsights_skip_tracking":false,"_monsterinsights_sitenote_active":false,"_monsterinsights_sitenote_note":"","_monsterinsights_sitenote_category":0,"footnotes":""},"categories":[176],"tags":[],"class_list":["post-5626","post","type-post","status-publish","format-standard","has-post-thumbnail","hentry","category-nacional"],"amp_enabled":true,"_links":{"self":[{"href":"https:\/\/lahora.mx\/index.php\/wp-json\/wp\/v2\/posts\/5626","targetHints":{"allow":["GET"]}}],"collection":[{"href":"https:\/\/lahora.mx\/index.php\/wp-json\/wp\/v2\/posts"}],"about":[{"href":"https:\/\/lahora.mx\/index.php\/wp-json\/wp\/v2\/types\/post"}],"author":[{"embeddable":true,"href":"https:\/\/lahora.mx\/index.php\/wp-json\/wp\/v2\/users\/4"}],"replies":[{"embeddable":true,"href":"https:\/\/lahora.mx\/index.php\/wp-json\/wp\/v2\/comments?post=5626"}],"version-history":[{"count":1,"href":"https:\/\/lahora.mx\/index.php\/wp-json\/wp\/v2\/posts\/5626\/revisions"}],"predecessor-version":[{"id":5628,"href":"https:\/\/lahora.mx\/index.php\/wp-json\/wp\/v2\/posts\/5626\/revisions\/5628"}],"wp:featuredmedia":[{"embeddable":true,"href":"https:\/\/lahora.mx\/index.php\/wp-json\/wp\/v2\/media\/5627"}],"wp:attachment":[{"href":"https:\/\/lahora.mx\/index.php\/wp-json\/wp\/v2\/media?parent=5626"}],"wp:term":[{"taxonomy":"category","embeddable":true,"href":"https:\/\/lahora.mx\/index.php\/wp-json\/wp\/v2\/categories?post=5626"},{"taxonomy":"post_tag","embeddable":true,"href":"https:\/\/lahora.mx\/index.php\/wp-json\/wp\/v2\/tags?post=5626"}],"curies":[{"name":"wp","href":"https:\/\/api.w.org\/{rel}","templated":true}]}}