{"id":56255,"date":"2024-12-13T17:36:26","date_gmt":"2024-12-13T17:36:26","guid":{"rendered":"https:\/\/lahora.mx\/?p=56255"},"modified":"2024-12-13T17:36:27","modified_gmt":"2024-12-13T17:36:27","slug":"aficionados-causan-destrozos-en-el-cuauhtemoc-tras-victoria-del-america","status":"publish","type":"post","link":"https:\/\/lahora.mx\/index.php\/2024\/12\/13\/aficionados-causan-destrozos-en-el-cuauhtemoc-tras-victoria-del-america\/","title":{"rendered":"Aficionados causan destrozos en el Cuauht\u00e9moc tras victoria del Am\u00e9rica"},"content":{"rendered":"\n<p>Un desafortunado episodio se vivi\u00f3 en el Estadio Cuauht\u00e9moc tras la victoria de Am\u00e9rica sobre Monterrey en el primer juego por la final del Apertura 2024.<\/p>\n\n\n\n<p>Al finalizar el partido los aficionados fueron protagonistas de una pelea en la que incluso se desprendieron las butacas del estadio.<\/p>\n\n\n\n<p>Los videos que circulan en redes sociales muestras a los aficionados tanto del Club Am\u00e9rica como de Monterrey envueltos en una trifulca tras la victoria de las \u00c1guilas.<\/p>\n\n\n\n<p>De acuerdo con diversos reportes todo indica que fue la afici\u00f3n de Rayados quienes comenzaron el altercado tras insultar a los seguidores del Am\u00e9rica.<\/p>\n\n\n\n<p>Sin embargo los insultos pronto escalaron a los golpes entre la afici\u00f3n de ambos equipos por lo que la polic\u00eda tuvo que intervenir.<\/p>\n\n\n\n<p>Pese a que fueron retirados del recinto los seguidores del futbol continuaron la trifulca a las afueras del estadio causando destrozos en los alrededores.<\/p>\n\n\n\n<p>Los aficionados de Monterrey fueron se\u00f1alados como los autores del pleito, ya que esta no es la primera vez que causan destrozos en el Estadio Cuauht\u00e9moc.<\/p>\n\n\n\n<p>Durante el partido del Clausura 2016 en el que Rayados se enfrent\u00f3 al Club Puebla, los seguidores de \u201cLa Pandilla\u201d incendiaron las butacas del estadio. <\/p>\n","protected":false},"excerpt":{"rendered":"<p>Un desafortunado episodio se vivi\u00f3 en el Estadio Cuauht\u00e9moc tras la victoria de Am\u00e9rica sobre Monterrey en el primer juego por la final del Apertura 2024. Al finalizar el partido los aficionados fueron protagonistas de una pelea en la que incluso se desprendieron las butacas del estadio. Los videos que circulan en redes sociales muestras [&hellip;]<\/p>\n","protected":false},"author":4,"featured_media":56256,"comment_status":"open","ping_status":"open","sticky":false,"template":"","format":"standard","meta":{"om_disable_all_campaigns":false,"_monsterinsights_skip_tracking":false,"_monsterinsights_sitenote_active":false,"_monsterinsights_sitenote_note":"","_monsterinsights_sitenote_category":0,"footnotes":""},"categories":[175,6],"tags":[223,142],"class_list":["post-56255","post","type-post","status-publish","format-standard","has-post-thumbnail","hentry","category-local","category-sports","tag-puebla","tag-sports"],"amp_enabled":true,"_links":{"self":[{"href":"https:\/\/lahora.mx\/index.php\/wp-json\/wp\/v2\/posts\/56255","targetHints":{"allow":["GET"]}}],"collection":[{"href":"https:\/\/lahora.mx\/index.php\/wp-json\/wp\/v2\/posts"}],"about":[{"href":"https:\/\/lahora.mx\/index.php\/wp-json\/wp\/v2\/types\/post"}],"author":[{"embeddable":true,"href":"https:\/\/lahora.mx\/index.php\/wp-json\/wp\/v2\/users\/4"}],"replies":[{"embeddable":true,"href":"https:\/\/lahora.mx\/index.php\/wp-json\/wp\/v2\/comments?post=56255"}],"version-history":[{"count":1,"href":"https:\/\/lahora.mx\/index.php\/wp-json\/wp\/v2\/posts\/56255\/revisions"}],"predecessor-version":[{"id":56257,"href":"https:\/\/lahora.mx\/index.php\/wp-json\/wp\/v2\/posts\/56255\/revisions\/56257"}],"wp:featuredmedia":[{"embeddable":true,"href":"https:\/\/lahora.mx\/index.php\/wp-json\/wp\/v2\/media\/56256"}],"wp:attachment":[{"href":"https:\/\/lahora.mx\/index.php\/wp-json\/wp\/v2\/media?parent=56255"}],"wp:term":[{"taxonomy":"category","embeddable":true,"href":"https:\/\/lahora.mx\/index.php\/wp-json\/wp\/v2\/categories?post=56255"},{"taxonomy":"post_tag","embeddable":true,"href":"https:\/\/lahora.mx\/index.php\/wp-json\/wp\/v2\/tags?post=56255"}],"curies":[{"name":"wp","href":"https:\/\/api.w.org\/{rel}","templated":true}]}}