{"id":56252,"date":"2024-12-13T17:33:34","date_gmt":"2024-12-13T17:33:34","guid":{"rendered":"https:\/\/lahora.mx\/?p=56252"},"modified":"2024-12-13T17:33:35","modified_gmt":"2024-12-13T17:33:35","slug":"el-fiscal-higuera-presenta-hoy-su-renuncia-ante-el-congreso","status":"publish","type":"post","link":"https:\/\/lahora.mx\/index.php\/2024\/12\/13\/el-fiscal-higuera-presenta-hoy-su-renuncia-ante-el-congreso\/","title":{"rendered":"El fiscal Higuera presenta hoy su renuncia ante el Congreso"},"content":{"rendered":"\n<p class=\"wp-block-paragraph\">Presentar\u00e1 su renuncia esta misma tarde el fiscal general de Puebla, Gilberto Higuera Bernal, tras comunicar su postulaci\u00f3n y deseo de participar en la elecci\u00f3n del Poder Judicial Federal.<\/p>\n\n\n\n<p class=\"wp-block-paragraph\">Durante un desayuno con comunicadores, Gilberto Higuera manifest\u00f3 que quiere participar en la elecci\u00f3n de personas juzgadoras del pr\u00f3ximo 2 de junio; busca una ministratura de la SCJN.<\/p>\n\n\n\n<p class=\"wp-block-paragraph\">\u201cQuiero participar en este proceso por ser in\u00e9dito (\u2026) y creo que va ser un (buen) ejercicio, para muchos, no el mejor\u201d, declar\u00f3 el titular de la Fiscal\u00eda General del Estado (FGE).<\/p>\n\n\n\n<p class=\"wp-block-paragraph\">Durante su comparecencia, la tarde ayer, el diputado Miguel Trujillo de Ita cuestion\u00f3 la labor de la Fiscal\u00eda General del Estado, en relaci\u00f3n a delitos de alto impacto, en violencia g\u00e9nero y en control interno y eficacia.<\/p>\n\n\n\n<p class=\"wp-block-paragraph\">Ante los avances que mencion\u00f3 en su informe el fiscal general, el legislador le pregunt\u00f3 c\u00f3mo justifica la FGE la percepci\u00f3n ciudadan\u00eda que se tiene sobre la dependencia ante la resoluci\u00f3n de los delitos de alto impacto como homicidios, secuestros y extorsi\u00f3n.<\/p>\n\n\n\n<p class=\"wp-block-paragraph\">\u201c\u00bfQu\u00e9 acciones espec\u00edficas tomar\u00e1 para mejorar la efectividad de las investigaciones y asegurar que los responsables enfrenten la justicia?\u201d, cuestion\u00f3 el diputado.<\/p>\n\n\n\n<p class=\"wp-block-paragraph\">Higuera le respondi\u00f3 que dentro de las dependencias publicas toda acci\u00f3n y labor son mejorables, pero que para erradicar los delitos se requiere un acuerdo social, que va m\u00e1s all\u00e1 del Estado y sus instituciones, (JLMR)<\/p>\n","protected":false},"excerpt":{"rendered":"<p>Presentar\u00e1 su renuncia esta misma tarde el fiscal general de Puebla, Gilberto Higuera Bernal, tras comunicar su postulaci\u00f3n y deseo de participar en la elecci\u00f3n del Poder Judicial Federal. Durante un desayuno con comunicadores, Gilberto Higuera manifest\u00f3 que quiere participar en la elecci\u00f3n de personas juzgadoras del pr\u00f3ximo 2 de junio; busca una ministratura de [&hellip;]<\/p>\n","protected":false},"author":4,"featured_media":56253,"comment_status":"open","ping_status":"open","sticky":false,"template":"","format":"standard","meta":{"om_disable_all_campaigns":false,"_monsterinsights_skip_tracking":false,"footnotes":""},"categories":[176],"tags":[195],"class_list":["post-56252","post","type-post","status-publish","format-standard","has-post-thumbnail","hentry","category-nacional","tag-principal"],"amp_enabled":true,"_links":{"self":[{"href":"https:\/\/lahora.mx\/index.php\/wp-json\/wp\/v2\/posts\/56252","targetHints":{"allow":["GET"]}}],"collection":[{"href":"https:\/\/lahora.mx\/index.php\/wp-json\/wp\/v2\/posts"}],"about":[{"href":"https:\/\/lahora.mx\/index.php\/wp-json\/wp\/v2\/types\/post"}],"author":[{"embeddable":true,"href":"https:\/\/lahora.mx\/index.php\/wp-json\/wp\/v2\/users\/4"}],"replies":[{"embeddable":true,"href":"https:\/\/lahora.mx\/index.php\/wp-json\/wp\/v2\/comments?post=56252"}],"version-history":[{"count":1,"href":"https:\/\/lahora.mx\/index.php\/wp-json\/wp\/v2\/posts\/56252\/revisions"}],"predecessor-version":[{"id":56254,"href":"https:\/\/lahora.mx\/index.php\/wp-json\/wp\/v2\/posts\/56252\/revisions\/56254"}],"wp:featuredmedia":[{"embeddable":true,"href":"https:\/\/lahora.mx\/index.php\/wp-json\/wp\/v2\/media\/56253"}],"wp:attachment":[{"href":"https:\/\/lahora.mx\/index.php\/wp-json\/wp\/v2\/media?parent=56252"}],"wp:term":[{"taxonomy":"category","embeddable":true,"href":"https:\/\/lahora.mx\/index.php\/wp-json\/wp\/v2\/categories?post=56252"},{"taxonomy":"post_tag","embeddable":true,"href":"https:\/\/lahora.mx\/index.php\/wp-json\/wp\/v2\/tags?post=56252"}],"curies":[{"name":"wp","href":"https:\/\/api.w.org\/{rel}","templated":true}]}}