{"id":56249,"date":"2024-12-13T01:47:21","date_gmt":"2024-12-13T01:47:21","guid":{"rendered":"https:\/\/lahora.mx\/?p=56249"},"modified":"2024-12-13T01:47:22","modified_gmt":"2024-12-13T01:47:22","slug":"puebla-en-los-estados-con-mayor-numero-de-estudiantes-con-pobreza","status":"publish","type":"post","link":"https:\/\/lahora.mx\/index.php\/2024\/12\/13\/puebla-en-los-estados-con-mayor-numero-de-estudiantes-con-pobreza\/","title":{"rendered":"Puebla, en los estados con mayor n\u00famero de estudiantes con pobreza"},"content":{"rendered":"\n<p>Puebla se encuentra entre los seis estados con mayor porcentaje de estudiantes de educaci\u00f3n b\u00e1sica en mayor situaci\u00f3n de pobreza, de acuerdo con el Consejo Nacional de Evaluaci\u00f3n de la Pol\u00edtica de Desarrollo Social (Coneval).<\/p>\n\n\n\n<p>En su informe sobre la &#8216;Situaci\u00f3n de pobreza en la poblaci\u00f3n que asist\u00eda a la educaci\u00f3n b\u00e1sica&#8217; de 2024 se identificaron las condiciones en las que estudiantes de preescolar, primaria y secundaria acuden a tomar clases.<\/p>\n\n\n\n<p>Puebla, Tlaxcala, Guerrero, Oaxaca, Veracruz y Chiapas son las entidades con mayor n\u00famero de estudiantes de educaci\u00f3n b\u00e1sica en situaci\u00f3n de pobreza, acumulando 4 millones 21 mil 941 estudiantes.<\/p>\n\n\n\n<p>El sector estudiantil con mayores \u00edndices de situaci\u00f3n de pobreza es educaci\u00f3n primaria, con 3 millones 266 mil 528 estudiantes.<\/p>\n\n\n\n<p>En secundaria se indica que 958 mil 433 estudiantes est\u00e1n en esta situaci\u00f3n y en preescolar 707 mil 86 estudiantes.<\/p>\n\n\n\n<p>Destaca que de los servicios b\u00e1sicos en la vivienda, como luz, agua, gas e Internet \u2014que son de los que m\u00e1s carecen\u2014, en nivel preescolar el 13.6 por ciento tiene acceso, en secundaria el 13.8 por ciento y secundaria el 11.3 por ciento.<\/p>\n\n\n\n<p>Otro indicador al que los alumnos tiene poco acceso es a una alimentaci\u00f3n nutritiva y de calidad; en preescolar s\u00f3lo el 20 por ciento, en primaria el 22.5 por ciento y secundaria el 21.8 por ciento.<\/p>\n","protected":false},"excerpt":{"rendered":"<p>Puebla se encuentra entre los seis estados con mayor porcentaje de estudiantes de educaci\u00f3n b\u00e1sica en mayor situaci\u00f3n de pobreza, de acuerdo con el Consejo Nacional de Evaluaci\u00f3n de la Pol\u00edtica de Desarrollo Social (Coneval). En su informe sobre la &#8216;Situaci\u00f3n de pobreza en la poblaci\u00f3n que asist\u00eda a la educaci\u00f3n b\u00e1sica&#8217; de 2024 se [&hellip;]<\/p>\n","protected":false},"author":4,"featured_media":56250,"comment_status":"open","ping_status":"open","sticky":false,"template":"","format":"standard","meta":{"om_disable_all_campaigns":false,"_monsterinsights_skip_tracking":false,"_monsterinsights_sitenote_active":false,"_monsterinsights_sitenote_note":"","_monsterinsights_sitenote_category":0,"footnotes":""},"categories":[175],"tags":[223],"class_list":["post-56249","post","type-post","status-publish","format-standard","has-post-thumbnail","hentry","category-local","tag-puebla"],"amp_enabled":true,"_links":{"self":[{"href":"https:\/\/lahora.mx\/index.php\/wp-json\/wp\/v2\/posts\/56249","targetHints":{"allow":["GET"]}}],"collection":[{"href":"https:\/\/lahora.mx\/index.php\/wp-json\/wp\/v2\/posts"}],"about":[{"href":"https:\/\/lahora.mx\/index.php\/wp-json\/wp\/v2\/types\/post"}],"author":[{"embeddable":true,"href":"https:\/\/lahora.mx\/index.php\/wp-json\/wp\/v2\/users\/4"}],"replies":[{"embeddable":true,"href":"https:\/\/lahora.mx\/index.php\/wp-json\/wp\/v2\/comments?post=56249"}],"version-history":[{"count":1,"href":"https:\/\/lahora.mx\/index.php\/wp-json\/wp\/v2\/posts\/56249\/revisions"}],"predecessor-version":[{"id":56251,"href":"https:\/\/lahora.mx\/index.php\/wp-json\/wp\/v2\/posts\/56249\/revisions\/56251"}],"wp:featuredmedia":[{"embeddable":true,"href":"https:\/\/lahora.mx\/index.php\/wp-json\/wp\/v2\/media\/56250"}],"wp:attachment":[{"href":"https:\/\/lahora.mx\/index.php\/wp-json\/wp\/v2\/media?parent=56249"}],"wp:term":[{"taxonomy":"category","embeddable":true,"href":"https:\/\/lahora.mx\/index.php\/wp-json\/wp\/v2\/categories?post=56249"},{"taxonomy":"post_tag","embeddable":true,"href":"https:\/\/lahora.mx\/index.php\/wp-json\/wp\/v2\/tags?post=56249"}],"curies":[{"name":"wp","href":"https:\/\/api.w.org\/{rel}","templated":true}]}}