{"id":56234,"date":"2024-12-13T01:30:02","date_gmt":"2024-12-13T01:30:02","guid":{"rendered":"https:\/\/lahora.mx\/?p=56234"},"modified":"2024-12-13T01:30:02","modified_gmt":"2024-12-13T01:30:02","slug":"emblemas-y-banderas-del-america-cubren-el-estadio-cuahtemoc","status":"publish","type":"post","link":"https:\/\/lahora.mx\/index.php\/2024\/12\/13\/emblemas-y-banderas-del-america-cubren-el-estadio-cuahtemoc\/","title":{"rendered":"Emblemas y banderas del Am\u00e9rica cubren el Estadio Cuaht\u00e9moc"},"content":{"rendered":"\n<p>A pocas horas de arrancar la final de ida del Aperturas 2024 circula en redes sociales un v\u00eddeo en el que se puede apreciar al Estadio Cuauht\u00e9moc te\u00f1ido de amarillo en honor al Club Am\u00e9rica.<\/p>\n\n\n\n<p>Esta noche el Club Am\u00e9rica se enfrentar\u00e1 a Monterrey en busca del tricampeonato en la Liga Mx pero lo har\u00e1 como local en Puebla por lo que el recinto deportivo ya luce los colores del equipo.<\/p>\n\n\n\n<p>En las im\u00e1genes compartidas en redes sociales se puede apreciar que el t\u00fanel por donde desfilar\u00e1n los jugadores hacia la cancha fue redecorado con fotograf\u00edas de los integrantes del Am\u00e9rica as\u00ed como con grandes banderas que portan el emblema del equipo.<\/p>\n\n\n\n<p>De igual manera se puede observar que las butacas del estadio fueron cubiertas con cintas amarillas y banderas de las \u00c1guilas.<\/p>\n\n\n\n<p>El Estadio Cuauht\u00e9moc fue adornado con banderas amarillas como una forma de cubrir el azul original que representa al Club Puebla ya que Am\u00e9rica jugar\u00e1 como local en este recinto.<\/p>\n\n\n\n<p>Habr\u00e1 cierres viales por el partido de Am\u00e9rica vs Monterrey<\/p>\n\n\n\n<p>A trav\u00e9s de su cuenta oficial en X la Secretar\u00eda de Seguridad Ciudadana de Puebla (SSCP) inform\u00f3 que con motivo del partido algunas calles cercanas al estadio ser\u00e1n cerradas.<\/p>\n\n\n\n<p>El cierre vial se realizar\u00e1 sobre la Avenida Unidad Deportiva y la calle Montes Urales; as\u00ed como el retorno de Calzada Ignacio Zaragoza y el retorno a calle Corregidora.<\/p>\n\n\n\n<p>El partido se realizar\u00e1 este jueves 12 de diciembre a las 20:00 horas en el Estadio Cuauht\u00e9moc.<\/p>\n","protected":false},"excerpt":{"rendered":"<p>A pocas horas de arrancar la final de ida del Aperturas 2024 circula en redes sociales un v\u00eddeo en el que se puede apreciar al Estadio Cuauht\u00e9moc te\u00f1ido de amarillo en honor al Club Am\u00e9rica. Esta noche el Club Am\u00e9rica se enfrentar\u00e1 a Monterrey en busca del tricampeonato en la Liga Mx pero lo har\u00e1 [&hellip;]<\/p>\n","protected":false},"author":4,"featured_media":56235,"comment_status":"open","ping_status":"open","sticky":false,"template":"","format":"standard","meta":{"om_disable_all_campaigns":false,"_monsterinsights_skip_tracking":false,"_monsterinsights_sitenote_active":false,"_monsterinsights_sitenote_note":"","_monsterinsights_sitenote_category":0,"footnotes":""},"categories":[6],"tags":[142],"class_list":["post-56234","post","type-post","status-publish","format-standard","has-post-thumbnail","hentry","category-sports","tag-sports"],"amp_enabled":true,"_links":{"self":[{"href":"https:\/\/lahora.mx\/index.php\/wp-json\/wp\/v2\/posts\/56234","targetHints":{"allow":["GET"]}}],"collection":[{"href":"https:\/\/lahora.mx\/index.php\/wp-json\/wp\/v2\/posts"}],"about":[{"href":"https:\/\/lahora.mx\/index.php\/wp-json\/wp\/v2\/types\/post"}],"author":[{"embeddable":true,"href":"https:\/\/lahora.mx\/index.php\/wp-json\/wp\/v2\/users\/4"}],"replies":[{"embeddable":true,"href":"https:\/\/lahora.mx\/index.php\/wp-json\/wp\/v2\/comments?post=56234"}],"version-history":[{"count":1,"href":"https:\/\/lahora.mx\/index.php\/wp-json\/wp\/v2\/posts\/56234\/revisions"}],"predecessor-version":[{"id":56236,"href":"https:\/\/lahora.mx\/index.php\/wp-json\/wp\/v2\/posts\/56234\/revisions\/56236"}],"wp:featuredmedia":[{"embeddable":true,"href":"https:\/\/lahora.mx\/index.php\/wp-json\/wp\/v2\/media\/56235"}],"wp:attachment":[{"href":"https:\/\/lahora.mx\/index.php\/wp-json\/wp\/v2\/media?parent=56234"}],"wp:term":[{"taxonomy":"category","embeddable":true,"href":"https:\/\/lahora.mx\/index.php\/wp-json\/wp\/v2\/categories?post=56234"},{"taxonomy":"post_tag","embeddable":true,"href":"https:\/\/lahora.mx\/index.php\/wp-json\/wp\/v2\/tags?post=56234"}],"curies":[{"name":"wp","href":"https:\/\/api.w.org\/{rel}","templated":true}]}}