{"id":56124,"date":"2024-12-10T15:37:03","date_gmt":"2024-12-10T15:37:03","guid":{"rendered":"http:\/\/lahora.mx\/?p=56124"},"modified":"2024-12-10T15:37:03","modified_gmt":"2024-12-10T15:37:03","slug":"operan-de-emergencia-al-presidente-de-brasil-luiz-inacio-lula-da-silva","status":"publish","type":"post","link":"https:\/\/lahora.mx\/index.php\/2024\/12\/10\/operan-de-emergencia-al-presidente-de-brasil-luiz-inacio-lula-da-silva\/","title":{"rendered":"Operan de emergencia al presidente de Brasil Luiz In\u00e1cio Lula da Silva"},"content":{"rendered":"\n<p>El presidente brasile\u00f1o, Luiz In\u00e1cio Lula da Silva, de 79 a\u00f1os, ingres\u00f3 de urgencia la noche de ayer en el Hospital Sirio-Liban\u00e9s de Sao Paulo, donde lo sometieron a una intervenci\u00f3n quir\u00fargica para drenar un hematoma intracraneal, seg\u00fan fuentes m\u00e9dicas.<\/p>\n\n\n\n<p>El presidente est\u00e1 ingresado en la unidad de cuidados intensivos (UCI) bajo observaci\u00f3n y \u00abse encuentra bien\u00bb, afirm\u00f3 el hospital en su primer informe m\u00e9dico, divulgado la madrugada del martes.<\/p>\n\n\n\n<p>Seg\u00fan el parte m\u00e9dico, Lula da Silva acudi\u00f3 la noche del lunes a la unidad del Hospital Sirio-Liban\u00e9s en Brasilia, la capital federal, para someterse a un examen m\u00e9dico tras sentir dolor de cabeza.<\/p>\n\n\n\n<p>\u00abLa resonancia magn\u00e9tica mostr\u00f3 una hemorragia intracraneal como consecuencia del accidente sufrido en su residencia el 19 de octubre pasado\u00bb, indic\u00f3 el reporte m\u00e9dico.<\/p>\n\n\n\n<p>Tras el diagn\u00f3stico, lo trasladaron a la sede del Hospital Sirio-Liban\u00e9s en Sao Paulo, \u00abdonde fue sometido a una craneotom\u00eda para drenar un hematoma\u201d, indicaron los m\u00e9dicos.<\/p>\n\n\n\n<p>\u201cLa operaci\u00f3n transcurri\u00f3 sin incidentes. Por el momento, el presidente se encuentra bien, bajo observaci\u00f3n en una cama de la UCI\u00bb, detall\u00f3 la misma fuente.<\/p>\n\n\n\n<p>Las afecciones m\u00e9dicas de Lula d Silva, presidente de Brasil<br>El 19 de octubre, Lula da Silva se cay\u00f3 en un ba\u00f1o de la residencia presidencial, el Palacio de la Alvorada, en Brasilia, y se golpe\u00f3 la nuca, por lo que necesit\u00f3 cinco puntos y reposo.<\/p>\n\n\n\n<p>Los m\u00e9dicos le aconsejaron adem\u00e1s cancelar viajes de larga distancia, motivo por el cual asisti\u00f3 por videoconferencia a la cumbre de los BRICS que se celebr\u00f3 en Kaz\u00e1n, Rusia, el 23 de octubre.<\/p>\n\n\n\n<p>En septiembre de 2023, el presidente de Brasil se someti\u00f3 a una artroplastia total en el sector derecho de la cadera, una cirug\u00eda para reemplazar con una pr\u00f3tesis el cart\u00edlago desgastado de esa zona del cuerpo.<\/p>\n\n\n\n<p>Lula super\u00f3 un c\u00e1ncer en la garganta en 2012, con un tratamiento realizado en el mismo Hospital Sirio-Liban\u00e9s de Sao Paulo en el que se encuentra ingresado actualmente.<\/p>\n\n\n\n<p>El l\u00edder del Partido de los Trabajadores asumi\u00f3 un nuevo mandato de cuatro a\u00f1os el 1 de enero de 2023, luego de haber gobernado Brasil entre 2003 y 2010.<\/p>\n","protected":false},"excerpt":{"rendered":"<p>El presidente brasile\u00f1o, Luiz In\u00e1cio Lula da Silva, de 79 a\u00f1os, ingres\u00f3 de urgencia la noche de ayer en el Hospital Sirio-Liban\u00e9s de Sao Paulo, donde lo sometieron a una intervenci\u00f3n quir\u00fargica para drenar un hematoma intracraneal, seg\u00fan fuentes m\u00e9dicas. El presidente est\u00e1 ingresado en la unidad de cuidados intensivos (UCI) bajo observaci\u00f3n y \u00abse [&hellip;]<\/p>\n","protected":false},"author":4,"featured_media":56125,"comment_status":"open","ping_status":"open","sticky":false,"template":"","format":"standard","meta":{"om_disable_all_campaigns":false,"_monsterinsights_skip_tracking":false,"_monsterinsights_sitenote_active":false,"_monsterinsights_sitenote_note":"","_monsterinsights_sitenote_category":0,"footnotes":""},"categories":[183],"tags":[],"class_list":["post-56124","post","type-post","status-publish","format-standard","has-post-thumbnail","hentry","category-internacional"],"amp_enabled":true,"_links":{"self":[{"href":"https:\/\/lahora.mx\/index.php\/wp-json\/wp\/v2\/posts\/56124","targetHints":{"allow":["GET"]}}],"collection":[{"href":"https:\/\/lahora.mx\/index.php\/wp-json\/wp\/v2\/posts"}],"about":[{"href":"https:\/\/lahora.mx\/index.php\/wp-json\/wp\/v2\/types\/post"}],"author":[{"embeddable":true,"href":"https:\/\/lahora.mx\/index.php\/wp-json\/wp\/v2\/users\/4"}],"replies":[{"embeddable":true,"href":"https:\/\/lahora.mx\/index.php\/wp-json\/wp\/v2\/comments?post=56124"}],"version-history":[{"count":1,"href":"https:\/\/lahora.mx\/index.php\/wp-json\/wp\/v2\/posts\/56124\/revisions"}],"predecessor-version":[{"id":56126,"href":"https:\/\/lahora.mx\/index.php\/wp-json\/wp\/v2\/posts\/56124\/revisions\/56126"}],"wp:featuredmedia":[{"embeddable":true,"href":"https:\/\/lahora.mx\/index.php\/wp-json\/wp\/v2\/media\/56125"}],"wp:attachment":[{"href":"https:\/\/lahora.mx\/index.php\/wp-json\/wp\/v2\/media?parent=56124"}],"wp:term":[{"taxonomy":"category","embeddable":true,"href":"https:\/\/lahora.mx\/index.php\/wp-json\/wp\/v2\/categories?post=56124"},{"taxonomy":"post_tag","embeddable":true,"href":"https:\/\/lahora.mx\/index.php\/wp-json\/wp\/v2\/tags?post=56124"}],"curies":[{"name":"wp","href":"https:\/\/api.w.org\/{rel}","templated":true}]}}