{"id":55967,"date":"2024-12-05T18:47:34","date_gmt":"2024-12-05T18:47:34","guid":{"rendered":"http:\/\/lahora.mx\/?p=55967"},"modified":"2024-12-05T18:47:35","modified_gmt":"2024-12-05T18:47:35","slug":"paro-tecnico-de-vw-por-tiguan-afectara-a-3-mil-trabajadores-de-proveedoras","status":"publish","type":"post","link":"https:\/\/lahora.mx\/index.php\/2024\/12\/05\/paro-tecnico-de-vw-por-tiguan-afectara-a-3-mil-trabajadores-de-proveedoras\/","title":{"rendered":"Paro t\u00e9cnico de VW por Tiguan afectar\u00e1 a 3 mil trabajadores de proveedoras"},"content":{"rendered":"\n<p class=\"wp-block-paragraph\">El paro t\u00e9cnico de Volkswagen por dejar de producir la Tiguan afectar\u00e1 a 3 mil trabajadores agremiados a la Confederaci\u00f3n de Trabajadores de M\u00e9xico (CTM) en Puebla.<\/p>\n\n\n\n<p class=\"wp-block-paragraph\">As\u00ed lo inform\u00f3 en conferencia la ma\u00f1ana de hoy el secretario general, Leobardo Soto, al indicar que, debido a este paro t\u00e9cnico, las proveedoras que fabrican autopartes para la armadora alemana tambi\u00e9n se ven afectadas.<\/p>\n\n\n\n<p class=\"wp-block-paragraph\">\u00abSueldo al cien por ciento, m\u00e1s de 3 mil trabajadores (afectados), estamos hablando de ese n\u00famero hasta ahora. Esperemos que no incremente el n\u00famero de trabajadores y empresas, pero cuando una planta principal se va, las autopartes pr\u00e1cticamente tambi\u00e9n se van a paro\u00bb, expuso.<\/p>\n\n\n\n<p class=\"wp-block-paragraph\">Sin embargo, asegur\u00f3 que los 3 mil trabajadores contar\u00e1n con su salario al cien por ciento, ya que es el acuerdo al que llegaron con las empresas.<\/p>\n\n\n\n<p class=\"wp-block-paragraph\">Volkswagen, a paro t\u00e9cnico hasta abril de 2025<br>Como lo inform\u00f3 e-consulta, el pasado 19 de noviembre Volkswagen produjo la \u00faltima camioneta Tiguan, por lo que anunciaron paro t\u00e9cnico desde esa fecha y estar\u00e1n al cien por ciento hasta abril de 2025.<\/p>\n\n\n\n<p class=\"wp-block-paragraph\">A pesar de que se hab\u00eda anunciado que se producir\u00eda el modelo Tayron, la empresa inform\u00f3 que solo producir\u00e1 el modelo 2025 de la Tiguan.<\/p>\n\n\n\n<p class=\"wp-block-paragraph\">Este paro t\u00e9cnico tambi\u00e9n afectar\u00e1 a proveedoras de otros sindicatos, como los 300 trabajadores agremiados al Sindicato Nacional de Trabajadores y Empleados &#8216;Constantino S\u00e1nchez Romano&#8217; de la FROC-Conlabor.<\/p>\n","protected":false},"excerpt":{"rendered":"<p>El paro t\u00e9cnico de Volkswagen por dejar de producir la Tiguan afectar\u00e1 a 3 mil trabajadores agremiados a la Confederaci\u00f3n de Trabajadores de M\u00e9xico (CTM) en Puebla. As\u00ed lo inform\u00f3 en conferencia la ma\u00f1ana de hoy el secretario general, Leobardo Soto, al indicar que, debido a este paro t\u00e9cnico, las proveedoras que fabrican autopartes para [&hellip;]<\/p>\n","protected":false},"author":4,"featured_media":55968,"comment_status":"open","ping_status":"open","sticky":false,"template":"","format":"standard","meta":{"om_disable_all_campaigns":false,"_monsterinsights_skip_tracking":false,"footnotes":""},"categories":[176],"tags":[195],"class_list":["post-55967","post","type-post","status-publish","format-standard","has-post-thumbnail","hentry","category-nacional","tag-principal"],"amp_enabled":true,"_links":{"self":[{"href":"https:\/\/lahora.mx\/index.php\/wp-json\/wp\/v2\/posts\/55967","targetHints":{"allow":["GET"]}}],"collection":[{"href":"https:\/\/lahora.mx\/index.php\/wp-json\/wp\/v2\/posts"}],"about":[{"href":"https:\/\/lahora.mx\/index.php\/wp-json\/wp\/v2\/types\/post"}],"author":[{"embeddable":true,"href":"https:\/\/lahora.mx\/index.php\/wp-json\/wp\/v2\/users\/4"}],"replies":[{"embeddable":true,"href":"https:\/\/lahora.mx\/index.php\/wp-json\/wp\/v2\/comments?post=55967"}],"version-history":[{"count":1,"href":"https:\/\/lahora.mx\/index.php\/wp-json\/wp\/v2\/posts\/55967\/revisions"}],"predecessor-version":[{"id":55969,"href":"https:\/\/lahora.mx\/index.php\/wp-json\/wp\/v2\/posts\/55967\/revisions\/55969"}],"wp:featuredmedia":[{"embeddable":true,"href":"https:\/\/lahora.mx\/index.php\/wp-json\/wp\/v2\/media\/55968"}],"wp:attachment":[{"href":"https:\/\/lahora.mx\/index.php\/wp-json\/wp\/v2\/media?parent=55967"}],"wp:term":[{"taxonomy":"category","embeddable":true,"href":"https:\/\/lahora.mx\/index.php\/wp-json\/wp\/v2\/categories?post=55967"},{"taxonomy":"post_tag","embeddable":true,"href":"https:\/\/lahora.mx\/index.php\/wp-json\/wp\/v2\/tags?post=55967"}],"curies":[{"name":"wp","href":"https:\/\/api.w.org\/{rel}","templated":true}]}}