{"id":55961,"date":"2024-12-05T18:40:00","date_gmt":"2024-12-05T18:40:00","guid":{"rendered":"http:\/\/lahora.mx\/?p=55961"},"modified":"2024-12-05T18:40:01","modified_gmt":"2024-12-05T18:40:01","slug":"la-presidenta-claudia-sheinbaum-se-reunira-con-gobernadores-ante-posible-deportacion-masiva","status":"publish","type":"post","link":"https:\/\/lahora.mx\/index.php\/2024\/12\/05\/la-presidenta-claudia-sheinbaum-se-reunira-con-gobernadores-ante-posible-deportacion-masiva\/","title":{"rendered":"La presidenta Claudia Sheinbaum se reunir\u00e1 con gobernadores ante posible deportaci\u00f3n masiva"},"content":{"rendered":"\n<p class=\"wp-block-paragraph\">La presidenta Claudia Sheinbaum confirm\u00f3 que se reunir\u00e1 con los gobernadores de los estados cercanos a la frontera de Estados Unidos para alistar una estrategia de atenci\u00f3n para la posible deportaci\u00f3n masiva de migrantes.<\/p>\n\n\n\n<p class=\"wp-block-paragraph\">Claudia Sheinbaum mencion\u00f3 que buscar\u00e1 que los migrantes de otras nacionalidades que seas deportados desde Estados Unidos no sean enviados a M\u00e9xico cuando Donald Trump tome las riendas del pa\u00eds vecino.<\/p>\n\n\n\n<p class=\"wp-block-paragraph\">Los gobernadores con los que se reunir\u00e1 para tratar el tema de migraci\u00f3n son de Baja California, Marina del Pilar \u00c1vila; de Sonora, Alfonso Durazo; de Chihuahua, Maru Campos; de Coahuila, Manolo Jim\u00e9nez; de Nuevo Le\u00f3n, Samuel Garc\u00eda; y Tamaulipas, Am\u00e9rico Villarreal.<\/p>\n\n\n\n<p class=\"wp-block-paragraph\">Claudia Sheinbaum record\u00f3 que actualmente existe un acuerdo con el presidente Joe Biden para que los migrantes de otras nacionalidades sean enviados directamente a su pa\u00eds de origen por v\u00eda a\u00e9rea.<\/p>\n\n\n\n<p class=\"wp-block-paragraph\">\u201cEvidentemente nosotros somos solidarios con todos y con todas, pero nuestra principal funci\u00f3n es recibir a los mexicanos y esperamos tener un acuerdo con la administraci\u00f3n de Trump, en caso de que haya estas deportaciones\u201d, mencion\u00f3 Claudia Sheinbaum desde Palacio Nacional.<\/p>\n\n\n\n<p class=\"wp-block-paragraph\">A pesar de que la presidenta expres\u00f3 que buscar\u00e1 una relaci\u00f3n diplom\u00e1tica para evitar las deportaciones masivas, pr\u00f3ximos funcionarios designados por Trump como Tom Homan, ha advertido que la expulsi\u00f3n de migrantes comenzar\u00e1 en los primeros d\u00edas del pr\u00f3ximo gobierno estadounidense.<\/p>\n\n\n\n<p class=\"wp-block-paragraph\">Durante la campa\u00f1a electoral de este a\u00f1o, Donald Trump describi\u00f3 que Estados Unidos ha sido asediado por migrantes y una de sus promesas es que deportar\u00e1 de manera masiva a las personas indocumentadas.<\/p>\n\n\n\n<p class=\"wp-block-paragraph\">El pasado 4 diciembre, Tom Homan visit\u00f3 la frontera entre Arizona y M\u00e9xico para supervisar el \u00e1rea, pues dijo estar ansioso por ponerse a trabajar en cuanto antes con la seguridad de dicha zona. <\/p>\n","protected":false},"excerpt":{"rendered":"<p>La presidenta Claudia Sheinbaum confirm\u00f3 que se reunir\u00e1 con los gobernadores de los estados cercanos a la frontera de Estados Unidos para alistar una estrategia de atenci\u00f3n para la posible deportaci\u00f3n masiva de migrantes. Claudia Sheinbaum mencion\u00f3 que buscar\u00e1 que los migrantes de otras nacionalidades que seas deportados desde Estados Unidos no sean enviados a [&hellip;]<\/p>\n","protected":false},"author":4,"featured_media":55962,"comment_status":"open","ping_status":"open","sticky":false,"template":"","format":"standard","meta":{"om_disable_all_campaigns":false,"_monsterinsights_skip_tracking":false,"footnotes":""},"categories":[176],"tags":[],"class_list":["post-55961","post","type-post","status-publish","format-standard","has-post-thumbnail","hentry","category-nacional"],"amp_enabled":true,"_links":{"self":[{"href":"https:\/\/lahora.mx\/index.php\/wp-json\/wp\/v2\/posts\/55961","targetHints":{"allow":["GET"]}}],"collection":[{"href":"https:\/\/lahora.mx\/index.php\/wp-json\/wp\/v2\/posts"}],"about":[{"href":"https:\/\/lahora.mx\/index.php\/wp-json\/wp\/v2\/types\/post"}],"author":[{"embeddable":true,"href":"https:\/\/lahora.mx\/index.php\/wp-json\/wp\/v2\/users\/4"}],"replies":[{"embeddable":true,"href":"https:\/\/lahora.mx\/index.php\/wp-json\/wp\/v2\/comments?post=55961"}],"version-history":[{"count":1,"href":"https:\/\/lahora.mx\/index.php\/wp-json\/wp\/v2\/posts\/55961\/revisions"}],"predecessor-version":[{"id":55963,"href":"https:\/\/lahora.mx\/index.php\/wp-json\/wp\/v2\/posts\/55961\/revisions\/55963"}],"wp:featuredmedia":[{"embeddable":true,"href":"https:\/\/lahora.mx\/index.php\/wp-json\/wp\/v2\/media\/55962"}],"wp:attachment":[{"href":"https:\/\/lahora.mx\/index.php\/wp-json\/wp\/v2\/media?parent=55961"}],"wp:term":[{"taxonomy":"category","embeddable":true,"href":"https:\/\/lahora.mx\/index.php\/wp-json\/wp\/v2\/categories?post=55961"},{"taxonomy":"post_tag","embeddable":true,"href":"https:\/\/lahora.mx\/index.php\/wp-json\/wp\/v2\/tags?post=55961"}],"curies":[{"name":"wp","href":"https:\/\/api.w.org\/{rel}","templated":true}]}}