{"id":55890,"date":"2024-12-04T03:52:49","date_gmt":"2024-12-04T03:52:49","guid":{"rendered":"http:\/\/lahora.mx\/?p=55890"},"modified":"2024-12-04T03:52:49","modified_gmt":"2024-12-04T03:52:49","slug":"la-presidenta-claudia-sheinbaum-se-reune-con-juan-ramon-de-la-fuente-ante-amago-de-deportacion-masiva-de-trump","status":"publish","type":"post","link":"https:\/\/lahora.mx\/index.php\/2024\/12\/04\/la-presidenta-claudia-sheinbaum-se-reune-con-juan-ramon-de-la-fuente-ante-amago-de-deportacion-masiva-de-trump\/","title":{"rendered":"La presidenta Claudia Sheinbaum se re\u00fane con Juan Ram\u00f3n de la Fuente ante amago de deportaci\u00f3n masiva de Trump"},"content":{"rendered":"\n<p>Juan Ram\u00f3n de la Fuente, secretario de Relaciones Exteriores (SRE), lleg\u00f3 est\u00e1 tarde a Palacio Nacional para reunirse con la presidenta Claudia Sheinbaum Pardo.<\/p>\n\n\n\n<p>Cerca de las 13:00 horas, el canciller ingres\u00f3 al recinto hist\u00f3rico por la calle Corregidora, en donde segundos despu\u00e9s tambi\u00e9n entr\u00f3 Francisco Gardu\u00f1o, comisionado del Instituto Nacional de Migraci\u00f3n (INM).<\/p>\n\n\n\n<p>La reuni\u00f3n se da luego de que por la ma\u00f1ana la presidenta Claudia Sheinbaum Pardo asegur\u00f3 que su gobierno se est\u00e1 preparando en caso de una deportaci\u00f3n masiva de mexicanas y mexicanos en el marco de la llegada de Donald Trump a la Presidencia de Estados Unidos en enero de 2025.<\/p>\n\n\n\n<p>\u201cSi aun en estos casos hubiera una deportaci\u00f3n, tambi\u00e9n nos estamos preparando para ellos, para darle la bienvenida a M\u00e9xico a todas las y los mexicanos que por alguna raz\u00f3n son deportados desde Estados Unidos, es nuestra obligaci\u00f3n, a las mexicanas y a los mexicanos.<\/p>\n\n\n\n<p>\u201cTambi\u00e9n estamos trabajando en ello, en caso de que se diera una deportaci\u00f3n masiva\u201d, dijo Sheinbaum Pardo.<\/p>\n","protected":false},"excerpt":{"rendered":"<p>Juan Ram\u00f3n de la Fuente, secretario de Relaciones Exteriores (SRE), lleg\u00f3 est\u00e1 tarde a Palacio Nacional para reunirse con la presidenta Claudia Sheinbaum Pardo. Cerca de las 13:00 horas, el canciller ingres\u00f3 al recinto hist\u00f3rico por la calle Corregidora, en donde segundos despu\u00e9s tambi\u00e9n entr\u00f3 Francisco Gardu\u00f1o, comisionado del Instituto Nacional de Migraci\u00f3n (INM). La [&hellip;]<\/p>\n","protected":false},"author":4,"featured_media":55891,"comment_status":"open","ping_status":"open","sticky":false,"template":"","format":"standard","meta":{"om_disable_all_campaigns":false,"_monsterinsights_skip_tracking":false,"_monsterinsights_sitenote_active":false,"_monsterinsights_sitenote_note":"","_monsterinsights_sitenote_category":0,"footnotes":""},"categories":[176],"tags":[195],"class_list":["post-55890","post","type-post","status-publish","format-standard","has-post-thumbnail","hentry","category-nacional","tag-principal"],"amp_enabled":true,"_links":{"self":[{"href":"https:\/\/lahora.mx\/index.php\/wp-json\/wp\/v2\/posts\/55890","targetHints":{"allow":["GET"]}}],"collection":[{"href":"https:\/\/lahora.mx\/index.php\/wp-json\/wp\/v2\/posts"}],"about":[{"href":"https:\/\/lahora.mx\/index.php\/wp-json\/wp\/v2\/types\/post"}],"author":[{"embeddable":true,"href":"https:\/\/lahora.mx\/index.php\/wp-json\/wp\/v2\/users\/4"}],"replies":[{"embeddable":true,"href":"https:\/\/lahora.mx\/index.php\/wp-json\/wp\/v2\/comments?post=55890"}],"version-history":[{"count":1,"href":"https:\/\/lahora.mx\/index.php\/wp-json\/wp\/v2\/posts\/55890\/revisions"}],"predecessor-version":[{"id":55892,"href":"https:\/\/lahora.mx\/index.php\/wp-json\/wp\/v2\/posts\/55890\/revisions\/55892"}],"wp:featuredmedia":[{"embeddable":true,"href":"https:\/\/lahora.mx\/index.php\/wp-json\/wp\/v2\/media\/55891"}],"wp:attachment":[{"href":"https:\/\/lahora.mx\/index.php\/wp-json\/wp\/v2\/media?parent=55890"}],"wp:term":[{"taxonomy":"category","embeddable":true,"href":"https:\/\/lahora.mx\/index.php\/wp-json\/wp\/v2\/categories?post=55890"},{"taxonomy":"post_tag","embeddable":true,"href":"https:\/\/lahora.mx\/index.php\/wp-json\/wp\/v2\/tags?post=55890"}],"curies":[{"name":"wp","href":"https:\/\/api.w.org\/{rel}","templated":true}]}}