{"id":55863,"date":"2024-12-03T16:15:32","date_gmt":"2024-12-03T16:15:32","guid":{"rendered":"http:\/\/lahora.mx\/?p=55863"},"modified":"2024-12-03T16:15:32","modified_gmt":"2024-12-03T16:15:32","slug":"detienen-a-el-buchanas-en-municipio-de-puebla","status":"publish","type":"post","link":"https:\/\/lahora.mx\/index.php\/2024\/12\/03\/detienen-a-el-buchanas-en-municipio-de-puebla\/","title":{"rendered":"Detienen a el Buchanas en municipio de Puebla"},"content":{"rendered":"\n<p>El secretario de Seguridad y Protecci\u00f3n Ciudadana, Omar Garc\u00eda Harfuch, destac\u00f3 la detenci\u00f3n de Ismael N., alias \u00abEl Buchanas\u00bb, en el municipio Metlaltoyoca, en Puebla, quien se dedicaba a la venta de droga, extorsi\u00f3n al transporte p\u00fablico, homicidios y robo de hidrocarburo.<\/p>\n\n\n\n<p>Durante el informe de seguridad, en la ma\u00f1anera del pueblo encabezada por Claudia Sheinbaum, el funcionario federal detall\u00f3 que ya contaba con una orden de aprehensi\u00f3n por el delito de homicidio calificado.<\/p>\n\n\n\n<p>El delincuente operaba en diversos municipios del Estado de M\u00e9xico, as\u00ed como en las alcald\u00edas Azcapotzalco y Gustavo A. Madero, en la Ciudad de M\u00e9xico.<\/p>\n\n\n\n<p>Asimismo, se explic\u00f3 que Ismael N., \u201cEl Buchanas\u201d, orden\u00f3 la agresi\u00f3n ocurrida en un bar de Cuautitl\u00e1n Izcalli, en el Estado de M\u00e9xico, llamado \u00abBling Bling\u00bb, que dej\u00f3 un saldo de seis muertos y cuatro heridos el pasado 10 de noviembre.<\/p>\n\n\n\n<p>La investigaci\u00f3n de la inteligencia de la SSPC aclar\u00f3 que ese ataque deriv\u00f3 de una disputa que mantiene con otra organizaci\u00f3n criminal por la venta de droga y zonas de operaci\u00f3n.<\/p>\n\n\n\n<p>Fue el pasado 12 de noviembre cuando la Fiscal\u00eda General de Justicia del Estado de M\u00e9xico (FGJEM) detuvo a siete presuntos implicados en el ataque al bar en Cuautitl\u00e1n Izcalli.<\/p>\n\n\n\n<p>Mientras que el 28 de noviembre, Ismael N., \u201cEl Buchanas\u201d, fue vinculado a proceso penal y se le dict\u00f3 prisi\u00f3n preventiva oficiosa por ordenar el ataque.<\/p>\n\n\n\n<p>Esta aprehensi\u00f3n forma parte de los operativos federales en donde colaboran diferentes dependencias como la Secretar\u00eda de la Defensa Nacional (Sedena), de la Marina (Semar) y la SSPC.<\/p>\n","protected":false},"excerpt":{"rendered":"<p>El secretario de Seguridad y Protecci\u00f3n Ciudadana, Omar Garc\u00eda Harfuch, destac\u00f3 la detenci\u00f3n de Ismael N., alias \u00abEl Buchanas\u00bb, en el municipio Metlaltoyoca, en Puebla, quien se dedicaba a la venta de droga, extorsi\u00f3n al transporte p\u00fablico, homicidios y robo de hidrocarburo. Durante el informe de seguridad, en la ma\u00f1anera del pueblo encabezada por Claudia [&hellip;]<\/p>\n","protected":false},"author":4,"featured_media":55864,"comment_status":"open","ping_status":"open","sticky":false,"template":"","format":"standard","meta":{"om_disable_all_campaigns":false,"_monsterinsights_skip_tracking":false,"_monsterinsights_sitenote_active":false,"_monsterinsights_sitenote_note":"","_monsterinsights_sitenote_category":0,"footnotes":""},"categories":[176,226],"tags":[195],"class_list":["post-55863","post","type-post","status-publish","format-standard","has-post-thumbnail","hentry","category-nacional","category-policia","tag-principal"],"amp_enabled":true,"_links":{"self":[{"href":"https:\/\/lahora.mx\/index.php\/wp-json\/wp\/v2\/posts\/55863","targetHints":{"allow":["GET"]}}],"collection":[{"href":"https:\/\/lahora.mx\/index.php\/wp-json\/wp\/v2\/posts"}],"about":[{"href":"https:\/\/lahora.mx\/index.php\/wp-json\/wp\/v2\/types\/post"}],"author":[{"embeddable":true,"href":"https:\/\/lahora.mx\/index.php\/wp-json\/wp\/v2\/users\/4"}],"replies":[{"embeddable":true,"href":"https:\/\/lahora.mx\/index.php\/wp-json\/wp\/v2\/comments?post=55863"}],"version-history":[{"count":1,"href":"https:\/\/lahora.mx\/index.php\/wp-json\/wp\/v2\/posts\/55863\/revisions"}],"predecessor-version":[{"id":55865,"href":"https:\/\/lahora.mx\/index.php\/wp-json\/wp\/v2\/posts\/55863\/revisions\/55865"}],"wp:featuredmedia":[{"embeddable":true,"href":"https:\/\/lahora.mx\/index.php\/wp-json\/wp\/v2\/media\/55864"}],"wp:attachment":[{"href":"https:\/\/lahora.mx\/index.php\/wp-json\/wp\/v2\/media?parent=55863"}],"wp:term":[{"taxonomy":"category","embeddable":true,"href":"https:\/\/lahora.mx\/index.php\/wp-json\/wp\/v2\/categories?post=55863"},{"taxonomy":"post_tag","embeddable":true,"href":"https:\/\/lahora.mx\/index.php\/wp-json\/wp\/v2\/tags?post=55863"}],"curies":[{"name":"wp","href":"https:\/\/api.w.org\/{rel}","templated":true}]}}