{"id":55843,"date":"2024-12-03T01:34:45","date_gmt":"2024-12-03T01:34:45","guid":{"rendered":"http:\/\/lahora.mx\/?p=55843"},"modified":"2024-12-03T01:40:24","modified_gmt":"2024-12-03T01:40:24","slug":"se-reduciran-11-mil-millones-de-pesos-del-presupuesto-de-puebla","status":"publish","type":"post","link":"https:\/\/lahora.mx\/index.php\/2024\/12\/03\/se-reduciran-11-mil-millones-de-pesos-del-presupuesto-de-puebla\/","title":{"rendered":"Se reducir\u00e1n 11 mil millones de pesos del presupuesto de Puebla"},"content":{"rendered":"\n<p>El estado de Puebla enfrentar\u00eda un recorte presupuestal de 11 mil millones de pesos para este 2025, advirti\u00f3 este lunes el senador priista N\u00e9stor Camarillo Medina, situaci\u00f3n que el fin de semana adelant\u00f3 el diputado morenista Alejandro Carvajal Hidalgo. De esta manera, la entidad pasar\u00eda de contar con un presupuesto de 126 mil millones de pesos a 115 mil millones.<\/p>\n\n\n\n<p>El priista critic\u00f3 la disminuci\u00f3n al presupuesto federal asignado a Puebla, se\u00f1alando que afectar\u00e1 directamente a los ciudadanos al limitar la ejecuci\u00f3n de obras p\u00fablicas y servicios de seguridad, en un contexto donde la delincuencia sigue en aumento.<\/p>\n\n\n\n<p>Camarillo indic\u00f3 que seg\u00fan lo anunciado por el diputado morenista Alejandro Carvajal, el presupuesto para Puebla ser\u00e1 de 115 mil millones de pesos en lugar de los 126 mil millones previstos, lo que implica una reducci\u00f3n del 4 por ciento, atribuida a ajustes inflacionarios.<\/p>\n\n\n\n<p>Asimismo, acus\u00f3 que esta disminuci\u00f3n podr\u00eda ser una cortina de humo por parte del gobierno federal. Como ejemplo, mencion\u00f3 el anuncio de la construcci\u00f3n de la Universidad Rosario Castellanos en Puebla, aunque a\u00fan no se ha definido si se ubicar\u00e1 en Eloxochitl\u00e1n o Yaon\u00e1huac.<\/p>\n\n\n\n<p>N\u00e9stor Camarillo adem\u00e1s acus\u00f3 a la federaci\u00f3n de beneficiar a los estados del sureste del pa\u00eds, bajo el argumento de que lo necesitan m\u00e1s.<\/p>\n\n\n\n<p>\u201cEl llamado es en\u00e9rgico porque estaba escuchando que un diputado que lleva 3 reelecciones diciendo que el presupuesto para Puebla no iba a ser de 126 mil millones, sino de 115 mil millones de pesos\u201d, dijo.<\/p>\n\n\n\n<p>No obstante, el priista argument\u00f3 que quitar los 126 mil millones de pesos afectar\u00eda a los poblanos porque este recurso se reparte de acuerdo al n\u00famero de poblaci\u00f3n, lo cual es grave.<\/p>\n\n\n\n<p>Por su parte, el diputado morenista Alejandro Carvajal defendi\u00f3 el presupuesto al afirmar que, aunque es menor al esperado, est\u00e1 destinado a \u00e1reas clave como salud, tecnolog\u00eda, seguridad y educaci\u00f3n, buscando promover acciones que beneficien a los poblanos.<\/p>\n","protected":false},"excerpt":{"rendered":"<p>El estado de Puebla enfrentar\u00eda un recorte presupuestal de 11 mil millones de pesos para este 2025, advirti\u00f3 este lunes el senador priista N\u00e9stor Camarillo Medina, situaci\u00f3n que el fin de semana adelant\u00f3 el diputado morenista Alejandro Carvajal Hidalgo. De esta manera, la entidad pasar\u00eda de contar con un presupuesto de 126 mil millones de [&hellip;]<\/p>\n","protected":false},"author":4,"featured_media":55844,"comment_status":"open","ping_status":"open","sticky":false,"template":"","format":"standard","meta":{"om_disable_all_campaigns":false,"_monsterinsights_skip_tracking":false,"_monsterinsights_sitenote_active":false,"_monsterinsights_sitenote_note":"","_monsterinsights_sitenote_category":0,"footnotes":""},"categories":[175],"tags":[],"class_list":["post-55843","post","type-post","status-publish","format-standard","has-post-thumbnail","hentry","category-local"],"amp_enabled":true,"_links":{"self":[{"href":"https:\/\/lahora.mx\/index.php\/wp-json\/wp\/v2\/posts\/55843","targetHints":{"allow":["GET"]}}],"collection":[{"href":"https:\/\/lahora.mx\/index.php\/wp-json\/wp\/v2\/posts"}],"about":[{"href":"https:\/\/lahora.mx\/index.php\/wp-json\/wp\/v2\/types\/post"}],"author":[{"embeddable":true,"href":"https:\/\/lahora.mx\/index.php\/wp-json\/wp\/v2\/users\/4"}],"replies":[{"embeddable":true,"href":"https:\/\/lahora.mx\/index.php\/wp-json\/wp\/v2\/comments?post=55843"}],"version-history":[{"count":2,"href":"https:\/\/lahora.mx\/index.php\/wp-json\/wp\/v2\/posts\/55843\/revisions"}],"predecessor-version":[{"id":55846,"href":"https:\/\/lahora.mx\/index.php\/wp-json\/wp\/v2\/posts\/55843\/revisions\/55846"}],"wp:featuredmedia":[{"embeddable":true,"href":"https:\/\/lahora.mx\/index.php\/wp-json\/wp\/v2\/media\/55844"}],"wp:attachment":[{"href":"https:\/\/lahora.mx\/index.php\/wp-json\/wp\/v2\/media?parent=55843"}],"wp:term":[{"taxonomy":"category","embeddable":true,"href":"https:\/\/lahora.mx\/index.php\/wp-json\/wp\/v2\/categories?post=55843"},{"taxonomy":"post_tag","embeddable":true,"href":"https:\/\/lahora.mx\/index.php\/wp-json\/wp\/v2\/tags?post=55843"}],"curies":[{"name":"wp","href":"https:\/\/api.w.org\/{rel}","templated":true}]}}