{"id":55840,"date":"2024-12-03T01:31:02","date_gmt":"2024-12-03T01:31:02","guid":{"rendered":"http:\/\/lahora.mx\/?p=55840"},"modified":"2024-12-03T01:31:03","modified_gmt":"2024-12-03T01:31:03","slug":"atropellan-a-ciclista-en-el-bulevar-5-de-mayo","status":"publish","type":"post","link":"https:\/\/lahora.mx\/index.php\/2024\/12\/03\/atropellan-a-ciclista-en-el-bulevar-5-de-mayo\/","title":{"rendered":"Atropellan a ciclista en el bulevar 5 de Mayo"},"content":{"rendered":"\n<p>La tarde de este lunes un ciclista muri\u00f3 arrollado por un veh\u00edculo sobre el bulevar 5 de Mayo y la 44 Poniente. En el sitio permanecen elementos de Tr\u00e1nsito resguardando la zona, aunque el responsable escap\u00f3.<\/p>\n\n\n\n<p>Los hechos ocurrieron la tarde de este 2 de diciembre sobre la vialidad mencionada, a unos cuantos metros de la China Poblana.<\/p>\n\n\n\n<p>De manera extraoficial se sabe que la persona fallecida es un recolector, al parecer adulto mayor.<\/p>\n\n\n\n<p>Con respecto al responsable, se desconocen las caracter\u00edsticas de la unidad, pues el responsable se dio a la fuga, incluso se carece de testigos que pudieran aportar mayor informaci\u00f3n.<\/p>\n\n\n\n<p>Al momento la zona se encuentra acordonada por autoridades municipales en espera de que peritos lleguen para el levantamiento de cad\u00e1ver.<\/p>\n","protected":false},"excerpt":{"rendered":"<p>La tarde de este lunes un ciclista muri\u00f3 arrollado por un veh\u00edculo sobre el bulevar 5 de Mayo y la 44 Poniente. En el sitio permanecen elementos de Tr\u00e1nsito resguardando la zona, aunque el responsable escap\u00f3. Los hechos ocurrieron la tarde de este 2 de diciembre sobre la vialidad mencionada, a unos cuantos metros de [&hellip;]<\/p>\n","protected":false},"author":4,"featured_media":55841,"comment_status":"open","ping_status":"open","sticky":false,"template":"","format":"standard","meta":{"om_disable_all_campaigns":false,"_monsterinsights_skip_tracking":false,"_monsterinsights_sitenote_active":false,"_monsterinsights_sitenote_note":"","_monsterinsights_sitenote_category":0,"footnotes":""},"categories":[175,226],"tags":[223],"class_list":["post-55840","post","type-post","status-publish","format-standard","has-post-thumbnail","hentry","category-local","category-policia","tag-puebla"],"amp_enabled":true,"_links":{"self":[{"href":"https:\/\/lahora.mx\/index.php\/wp-json\/wp\/v2\/posts\/55840","targetHints":{"allow":["GET"]}}],"collection":[{"href":"https:\/\/lahora.mx\/index.php\/wp-json\/wp\/v2\/posts"}],"about":[{"href":"https:\/\/lahora.mx\/index.php\/wp-json\/wp\/v2\/types\/post"}],"author":[{"embeddable":true,"href":"https:\/\/lahora.mx\/index.php\/wp-json\/wp\/v2\/users\/4"}],"replies":[{"embeddable":true,"href":"https:\/\/lahora.mx\/index.php\/wp-json\/wp\/v2\/comments?post=55840"}],"version-history":[{"count":1,"href":"https:\/\/lahora.mx\/index.php\/wp-json\/wp\/v2\/posts\/55840\/revisions"}],"predecessor-version":[{"id":55842,"href":"https:\/\/lahora.mx\/index.php\/wp-json\/wp\/v2\/posts\/55840\/revisions\/55842"}],"wp:featuredmedia":[{"embeddable":true,"href":"https:\/\/lahora.mx\/index.php\/wp-json\/wp\/v2\/media\/55841"}],"wp:attachment":[{"href":"https:\/\/lahora.mx\/index.php\/wp-json\/wp\/v2\/media?parent=55840"}],"wp:term":[{"taxonomy":"category","embeddable":true,"href":"https:\/\/lahora.mx\/index.php\/wp-json\/wp\/v2\/categories?post=55840"},{"taxonomy":"post_tag","embeddable":true,"href":"https:\/\/lahora.mx\/index.php\/wp-json\/wp\/v2\/tags?post=55840"}],"curies":[{"name":"wp","href":"https:\/\/api.w.org\/{rel}","templated":true}]}}